{"id":6399,"date":"2026-03-09T12:00:31","date_gmt":"2026-03-09T11:00:31","guid":{"rendered":"https:\/\/www.gisaski.eus\/?p=6399\/"},"modified":"2026-03-09T12:00:31","modified_gmt":"2026-03-09T11:00:31","slug":"arrancan-las-tecnificaciones-comarcales-para-la-generacion-de-2013","status":"publish","type":"post","link":"https:\/\/www.gisaski.eus\/es\/arrancan-las-tecnificaciones-comarcales-para-la-generacion-de-2013\/","title":{"rendered":"Arrancan las tecnificaciones comarcales para la generaci\u00f3n de 2013"},"content":{"rendered":"<p data-start=\"1305\" data-end=\"1634\"><span style=\"font-family: arial, helvetica, sans-serif;\">Ayer comenzaron las sesiones de tecnificaci\u00f3n comarcal para los jugadores y jugadoras de baloncesto de la generaci\u00f3n de 2013 en Gipuzkoa. Los y las participantes procedentes de los distintos clubes del territorio ya han sido convocados y participar\u00e1n en los entrenamientos organizados por comarcas durante las pr\u00f3ximas semanas.<\/span><\/p>\n<p data-start=\"1636\" data-end=\"1982\"><span style=\"font-family: arial, helvetica, sans-serif;\">Las tecnificaciones comarcales de Gipuzkoa se organizan en las siguientes zonas: <strong data-start=\"1717\" data-end=\"1747\">Bidasoa-Oarso-Donostialdea<\/strong>, <strong data-start=\"1749\" data-end=\"1774\">Debagaraia-Debagoiena<\/strong>, <strong data-start=\"1776\" data-end=\"1788\">Donostia<\/strong>, <strong data-start=\"1790\" data-end=\"1812\">Goierri-Tolosaldea<\/strong> y <strong data-start=\"1815\" data-end=\"1830\">Urola Kosta<\/strong>. Cada una de estas comarcas est\u00e1 formada por clubes de su entorno, lo que permite reunir a j\u00f3venes jugadores y jugadoras para trabajar conjuntamente.<\/span><\/p>\n<p data-start=\"1984\" data-end=\"2238\"><span style=\"font-family: arial, helvetica, sans-serif;\">Los entrenamientos se celebrar\u00e1n los d\u00edas <strong data-start=\"2026\" data-end=\"2049\">8, 15 y 22 de marzo<\/strong>, con el objetivo de desarrollar aspectos t\u00e9cnicos, t\u00e1cticos y el trabajo en equipo, adem\u00e1s de fomentar la convivencia deportiva entre jugadores de diferentes clubes de una misma comarca.<\/span><\/p>\n<p data-start=\"2240\" data-end=\"2464\"><span style=\"font-family: arial, helvetica, sans-serif;\">Como cierre de este programa, el <strong data-start=\"2273\" data-end=\"2288\">12 de abril<\/strong> se celebrar\u00e1 el <strong data-start=\"2305\" data-end=\"2330\">torneo entre comarcas<\/strong>, una jornada en la que los y las participantes podr\u00e1n poner en pr\u00e1ctica todo lo trabajado durante las sesiones de tecnificaci\u00f3n. &#x1f3c0;<\/span><\/p>\n","protected":false},"excerpt":{"rendered":"<p>Ayer comenzaron las sesiones de tecnificaci\u00f3n comarcal para los jugadores y jugadoras de baloncesto de la generaci\u00f3n de 2013 en Gipuzkoa. Los y las&#8230;<\/p>\n","protected":false},"author":6,"featured_media":6401,"comment_status":"open","ping_status":"closed","sticky":false,"template":"","format":"standard","meta":{"_links_to":"","_links_to_target":""},"categories":[237,6],"tags":[],"acf":[],"_links":{"self":[{"href":"https:\/\/www.gisaski.eus\/es\/wp-json\/wp\/v2\/posts\/6399"}],"collection":[{"href":"https:\/\/www.gisaski.eus\/es\/wp-json\/wp\/v2\/posts"}],"about":[{"href":"https:\/\/www.gisaski.eus\/es\/wp-json\/wp\/v2\/types\/post"}],"author":[{"embeddable":true,"href":"https:\/\/www.gisaski.eus\/es\/wp-json\/wp\/v2\/users\/6"}],"replies":[{"embeddable":true,"href":"https:\/\/www.gisaski.eus\/es\/wp-json\/wp\/v2\/comments?post=6399"}],"version-history":[{"count":0,"href":"https:\/\/www.gisaski.eus\/es\/wp-json\/wp\/v2\/posts\/6399\/revisions"}],"wp:featuredmedia":[{"embeddable":true,"href":"https:\/\/www.gisaski.eus\/es\/wp-json\/wp\/v2\/media\/6401"}],"wp:attachment":[{"href":"https:\/\/www.gisaski.eus\/es\/wp-json\/wp\/v2\/media?parent=6399"}],"wp:term":[{"taxonomy":"category","embeddable":true,"href":"https:\/\/www.gisaski.eus\/es\/wp-json\/wp\/v2\/categories?post=6399"},{"taxonomy":"post_tag","embeddable":true,"href":"https:\/\/www.gisaski.eus\/es\/wp-json\/wp\/v2\/tags?post=6399"}],"curies":[{"name":"wp","href":"https:\/\/api.w.org\/{rel}","templated":true}]}}