{"id":542,"date":"2017-12-26T09:31:21","date_gmt":"2017-12-26T08:31:21","guid":{"rendered":"http:\/\/www.gisaski.eus\/?p=542"},"modified":"2018-01-17T09:35:04","modified_gmt":"2018-01-17T08:35:04","slug":"preparado-eusknaf17-mini","status":"publish","type":"post","link":"https:\/\/www.gisaski.eus\/es\/preparado-eusknaf17-mini\/","title":{"rendered":"Todo preparado para el #EuskNaf17 Mini"},"content":{"rendered":"<p dir=\"ltr\">Los pr\u00f3ximos d\u00edas 27 y 28 de diciembre se celebrar\u00e1 el \u00faltimo Campeonato de Euskadi &#8211; Navarra de la temporada. Es el momento de los minis, que disputar\u00e1n el torneo en la localidad bizkaina de Balmaseda.<\/p>\n<p dir=\"ltr\">Nuestras dos selecciones despu\u00e9s de casi dos meses de trabajo, ya est\u00e1n preparadas para disputar el Campeonato y luchar por conseguir el t\u00edtulo de campeones. Ambos combinados se medir\u00e1n en semifinales a la selecci\u00f3n de \u00c1lava.<\/p>\n<p dir=\"ltr\">Los chicos de Ion Ormamazabal disputar\u00e1n su partido el d\u00eda 27 a las 16:00. Por su parte las chicas de Oscar Cea lo har\u00e1n justo despu\u00e9s a las 18:00. Estas son las impresiones de nuestros dos seleccionadores previas al torneo:<\/p>\n<p>\nION ORMAZABAL: Seleccionador Mini Masculino<\/p>\n<p dir=\"ltr\">Badira sei hilabete aurreautaketa \u00a0prozesua martxan jarri zela. Ilusioz beteriko uneak izaten dira, jokalariek atseginez \u00a0onartzen dute federazioen deialdiak, baina adin hau berezia da. Emozio eta sentsazio berri ugariz beteriko entrenamenduak izaten dira, non jokalariek haien emozio eta gaitasunen arteko oreka bilatzen duten.<\/p>\n<p dir=\"ltr\">Lehen fase hau atzean utzi eta prestakuntza azken txanpan \u00a0sartua da jada. Gipuzkoako saskibaloi federazioiaren izenean jokatuko duten 12 jokalariek, \u00a0gogor \u00a0lan egin dute igandero prestakuntzako azken fase hontara iristeko. Eskertzekoa da jokalariek erakutsiriko jarrera aurre-auteketetan, aurtengo maila oso altua izan bait da eta denek argi utzi dute lan bikaina egiten dela Gipuzkoako saskibaloi eskoletan. Ilusio handiz prestatu dute gaztetxoek abenduak 27 eta 28 an jokatuko den txapelketa, bertan haien mailarik onena eman ahal izateko.<\/p>\n<p dir=\"ltr\">Lan giro bikaina eta jokalariek ikasteko erakutsi duten grina azpimarratu dute hautatzaileek. Taldeak dinamika onean lan egin omen du eta zihur dira esperientzia aberasgarria eta ahaztezina izango dela jokalari eta haien familientzako, hasieran esan bezela adin hontan giro berezi batek biltzen bait du saskibaloiaren festa hau.<\/p>\n<p dir=\"ltr\">OSCAR CEA: Seleccionador Mini Femenino<\/p>\n<p dir=\"ltr\">\u00a0<\/p>\n<p dir=\"ltr\">&#8211; COMO HA IDO LA PREPARACI\u00d3N: \u00a0La preparaci\u00f3n ha sido corta, como es normal. Es la primera vez que las jugadoras acuden a una pre-selecci\u00f3n y vienen todas con una gran ilusi\u00f3n y muchas ganas de entrenar.<\/p>\n<p dir=\"ltr\">&#8211; C\u00d3MO LLEGA EL EQUIPO: El equipo llega bien, con unas ideas muy sencillas y claras para que puedan desarrollar su t\u00e9cnica individual. Hemos intentado que se conozcan un poco todas las jugadoras antes del campeonato y sepan coordinarse tanto en ataque y como en defensa.<\/p>\n<p dir=\"ltr\">&#8211; PUNTOS FUERTES DE LA PLANTILLA: Indudablemente en esta categor\u00eda lo m\u00e1s destacable es la ilusi\u00f3n de las jugadoras y la alegr\u00eda en el juego. Es una generaci\u00f3n con unas buenas condiciones f\u00edsicas y talento. Les queda mucho camino, pero tienen una buena base y proyecci\u00f3n.<\/p>\n<p dir=\"ltr\">-OBJETIVO DEL CAMPEONATO: Disfutar de la esperiencia desde el primer d\u00eda de entrenamiento hasta que se acabe el campeonato es lo que les va \u00a0a quedar. Deportivamente, queremos disputar cada partido e intentar buscar \u00a0la victoria cada d\u00eda, sabiendo que los rivales ser\u00e1n fuertes. Y al final, les haya servido para mejorar individualmente y progresar.<\/p>\n<p dir=\"ltr\">Desde la FGB queremos desear la mejor de las suertes a nuestras dos selecciones. Lo que m\u00e1s deseamos es que disfruten de su primera experiencia. \u00a1A por todas!<\/p>\n<p dir=\"ltr\">FGB<\/p>\n","protected":false},"excerpt":{"rendered":"<p>Los pr\u00f3ximos d\u00edas 27 y 28 de diciembre se celebrar\u00e1 el \u00faltimo Campeonato de Euskadi &#8211; Navarra de la temporada. Es el momento de&#8230;<\/p>\n","protected":false},"author":2,"featured_media":543,"comment_status":"open","ping_status":"open","sticky":false,"template":"","format":"standard","meta":{"_links_to":"","_links_to_target":""},"categories":[72,7],"tags":[90,96,102,28],"acf":[],"_links":{"self":[{"href":"https:\/\/www.gisaski.eus\/es\/wp-json\/wp\/v2\/posts\/542"}],"collection":[{"href":"https:\/\/www.gisaski.eus\/es\/wp-json\/wp\/v2\/posts"}],"about":[{"href":"https:\/\/www.gisaski.eus\/es\/wp-json\/wp\/v2\/types\/post"}],"author":[{"embeddable":true,"href":"https:\/\/www.gisaski.eus\/es\/wp-json\/wp\/v2\/users\/2"}],"replies":[{"embeddable":true,"href":"https:\/\/www.gisaski.eus\/es\/wp-json\/wp\/v2\/comments?post=542"}],"version-history":[{"count":0,"href":"https:\/\/www.gisaski.eus\/es\/wp-json\/wp\/v2\/posts\/542\/revisions"}],"wp:featuredmedia":[{"embeddable":true,"href":"https:\/\/www.gisaski.eus\/es\/wp-json\/wp\/v2\/media\/543"}],"wp:attachment":[{"href":"https:\/\/www.gisaski.eus\/es\/wp-json\/wp\/v2\/media?parent=542"}],"wp:term":[{"taxonomy":"category","embeddable":true,"href":"https:\/\/www.gisaski.eus\/es\/wp-json\/wp\/v2\/categories?post=542"},{"taxonomy":"post_tag","embeddable":true,"href":"https:\/\/www.gisaski.eus\/es\/wp-json\/wp\/v2\/tags?post=542"}],"curies":[{"name":"wp","href":"https:\/\/api.w.org\/{rel}","templated":true}]}}