{"id":495,"date":"2017-11-28T12:48:05","date_gmt":"2017-11-28T11:48:05","guid":{"rendered":"http:\/\/www.gisaski.eus\/?p=495"},"modified":"2017-12-20T12:49:56","modified_gmt":"2017-12-20T11:49:56","slug":"irene-murua-e-isabel-mbomio-convocadas-la-seleccion-espanola","status":"publish","type":"post","link":"https:\/\/www.gisaski.eus\/es\/irene-murua-e-isabel-mbomio-convocadas-la-seleccion-espanola\/","title":{"rendered":"Irene Murua e Isabel Mbomio convocadas con la selecci\u00f3n espa\u00f1ola"},"content":{"rendered":"<p dir=\"ltr\">Esta ma\u00f1ana hemos conocido una gran noticia. Las jugadoras guipuzcoanas Irene Murua e Isabel Mbomio han sido convocadas por la Federaci\u00f3n Espa\u00f1ola de Baloncesto para una concentraci\u00f3n que se celebrar\u00e1 el pr\u00f3ximo puente de diciembre en Zamora.<\/p>\n<p dir=\"ltr\">Tanto Irene como Isabel juegan en el cadete de Liga Vasca Ointxe-Araski y se proclamaron el pasado mes Campeonas de Euskadi-Navarra con la Selecci\u00f3n de Gipuzkoa. Irene ya ha estado convocada por la FEB en anteriores ocasiones, para Isabel ser\u00e1 su primera experiencia. M\u00e1s informaci\u00f3n: http:\/\/www.feb.es\/2017\/11\/28\/baloncesto\/homenaje-juan-mena-con-las-promesas-espanolas\/72856.aspx<\/p>\n<p dir=\"ltr\">Desde la FGB nos alegramos mucho por ambas jugadoras y deseamos que aprovechen y disfruten la oportunidad que tienen delante. \u00a1Mucha suerte!<\/p>\n<p dir=\"ltr\">FGB<\/p>\n","protected":false},"excerpt":{"rendered":"<p>Esta ma\u00f1ana hemos conocido una gran noticia. Las jugadoras guipuzcoanas Irene Murua e Isabel Mbomio han sido convocadas por la Federaci\u00f3n Espa\u00f1ola de Baloncesto&#8230;<\/p>\n","protected":false},"author":2,"featured_media":496,"comment_status":"open","ping_status":"open","sticky":false,"template":"","format":"standard","meta":{"_links_to":"","_links_to_target":""},"categories":[75,7],"tags":[106,96,108,107,53,105],"acf":[],"_links":{"self":[{"href":"https:\/\/www.gisaski.eus\/es\/wp-json\/wp\/v2\/posts\/495"}],"collection":[{"href":"https:\/\/www.gisaski.eus\/es\/wp-json\/wp\/v2\/posts"}],"about":[{"href":"https:\/\/www.gisaski.eus\/es\/wp-json\/wp\/v2\/types\/post"}],"author":[{"embeddable":true,"href":"https:\/\/www.gisaski.eus\/es\/wp-json\/wp\/v2\/users\/2"}],"replies":[{"embeddable":true,"href":"https:\/\/www.gisaski.eus\/es\/wp-json\/wp\/v2\/comments?post=495"}],"version-history":[{"count":0,"href":"https:\/\/www.gisaski.eus\/es\/wp-json\/wp\/v2\/posts\/495\/revisions"}],"wp:featuredmedia":[{"embeddable":true,"href":"https:\/\/www.gisaski.eus\/es\/wp-json\/wp\/v2\/media\/496"}],"wp:attachment":[{"href":"https:\/\/www.gisaski.eus\/es\/wp-json\/wp\/v2\/media?parent=495"}],"wp:term":[{"taxonomy":"category","embeddable":true,"href":"https:\/\/www.gisaski.eus\/es\/wp-json\/wp\/v2\/categories?post=495"},{"taxonomy":"post_tag","embeddable":true,"href":"https:\/\/www.gisaski.eus\/es\/wp-json\/wp\/v2\/tags?post=495"}],"curies":[{"name":"wp","href":"https:\/\/api.w.org\/{rel}","templated":true}]}}