{"id":4446,"date":"2021-09-28T19:07:36","date_gmt":"2021-09-28T17:07:36","guid":{"rendered":"https:\/\/www.gisaski.eus\/?p=4446\/"},"modified":"2023-03-15T18:41:42","modified_gmt":"2023-03-15T17:41:42","slug":"asamblea","status":"publish","type":"post","link":"https:\/\/www.gisaski.eus\/es\/asamblea\/","title":{"rendered":"Celebrada la Asamblea General de Federaci\u00f3n."},"content":{"rendered":"<p><span style=\"color: #000000;\">En la tarde de ayer lunes se celebr\u00f3 la Asamblea General de la Federaci\u00f3n Gipuzkoana de Baloncesto en las oficinas de Kirol Etxea.<\/span><\/p>\n<p><span style=\"color: #000000;\">Dirigida por la presidenta, Ainhoa Ibarburu, y el Coordinador General, Jon Txakartegi, la Asamblea transcurri\u00f3 por los cauces normales. En ella se aprobaron los sistemas de competici\u00f3n, las bases espec\u00edficas, el nuevo protocolo, intercambiando puntos de vista y opiniones con los representantes de clubes y estamento arbitral que acudieron. Adem\u00e1s, para terminar se procedi\u00f3 al sorteo del calendario.<\/span><\/p>\n<p><span style=\"color: #000000;\">La presidenta aprovech\u00f3 el final de la Asamblea para agradecer a todos su implicaci\u00f3n y gran trabajo durante estos \u00faltimos 18 meses de pandemia que llevamos, deseando que este a\u00f1o podamos jugar todo lo planificado.<\/span><\/p>\n","protected":false},"excerpt":{"rendered":"<p>En la tarde de ayer lunes se celebr\u00f3 la Asamblea General de la Federaci\u00f3n Gipuzkoana de Baloncesto en las oficinas de Kirol Etxea. Dirigida&#8230;<\/p>\n","protected":false},"author":2,"featured_media":4447,"comment_status":"open","ping_status":"closed","sticky":false,"template":"","format":"standard","meta":{"_links_to":"","_links_to_target":""},"categories":[238,72],"tags":[],"acf":[],"_links":{"self":[{"href":"https:\/\/www.gisaski.eus\/es\/wp-json\/wp\/v2\/posts\/4446"}],"collection":[{"href":"https:\/\/www.gisaski.eus\/es\/wp-json\/wp\/v2\/posts"}],"about":[{"href":"https:\/\/www.gisaski.eus\/es\/wp-json\/wp\/v2\/types\/post"}],"author":[{"embeddable":true,"href":"https:\/\/www.gisaski.eus\/es\/wp-json\/wp\/v2\/users\/2"}],"replies":[{"embeddable":true,"href":"https:\/\/www.gisaski.eus\/es\/wp-json\/wp\/v2\/comments?post=4446"}],"version-history":[{"count":0,"href":"https:\/\/www.gisaski.eus\/es\/wp-json\/wp\/v2\/posts\/4446\/revisions"}],"wp:featuredmedia":[{"embeddable":true,"href":"https:\/\/www.gisaski.eus\/es\/wp-json\/wp\/v2\/media\/4447"}],"wp:attachment":[{"href":"https:\/\/www.gisaski.eus\/es\/wp-json\/wp\/v2\/media?parent=4446"}],"wp:term":[{"taxonomy":"category","embeddable":true,"href":"https:\/\/www.gisaski.eus\/es\/wp-json\/wp\/v2\/categories?post=4446"},{"taxonomy":"post_tag","embeddable":true,"href":"https:\/\/www.gisaski.eus\/es\/wp-json\/wp\/v2\/tags?post=4446"}],"curies":[{"name":"wp","href":"https:\/\/api.w.org\/{rel}","templated":true}]}}