{"id":3958,"date":"2020-10-02T10:14:31","date_gmt":"2020-10-02T08:14:31","guid":{"rendered":"https:\/\/www.gisaski.eus\/?p=3958\/"},"modified":"2020-10-20T12:38:59","modified_gmt":"2020-10-20T10:38:59","slug":"arrancamos","status":"publish","type":"post","link":"https:\/\/www.gisaski.eus\/es\/arrancamos\/","title":{"rendered":"Arranca el baloncesto gipuzkoano"},"content":{"rendered":"<p><span style=\"color: #000000;\">Tras aprobarse en la Asamblea del pasado lunes su puesta en marcha, este pr\u00f3ximo fin de semana arranca la temporada 20\/21 para algunas competiciones de nuestro baloncesto. De esta manera, el bal\u00f3n recupera el protagonismo y muchos j\u00f3venes de nuestra provincia volver\u00e1n a competir tras m\u00e1s de medio a\u00f1o sin disputarse partidos de competici\u00f3n.<\/span><\/p>\n<p><span style=\"color: #000000;\">Las categor\u00edas que arrancan este 3 y 4 de octubre son cadete y junior de rendimiento, adem\u00e1s de 1\u00aa senior femenina y 1\u00aa y 2\u00aa senior masculina.<\/span><\/p>\n<p><span style=\"color: #000000;\">Desde la Federaci\u00f3n Gipuzkoana queremos desear a todos los jugadores, \u00e1rbitros, entrenadores, auxiliares y dem\u00e1s componentes de nuestro baloncesto mucha suerte en este comienzo de temporada y aprovechamos para hacer un llamamiento al sentido com\u00fan y la responsabilidad individual y colectiva a la hora de cumplir con el protocolo.<\/span><\/p>\n<p><span style=\"color: #000000;\">La Federaci\u00f3n estar\u00e1 m\u00e1s disponible, si cabe, que nunca para ayudar a resolver dudas y urgencias que puedan ir surgiendo con la intenci\u00f3n de apoyar a nuestros colectivos y dinamizar este comienzo de temporada.<\/span><\/p>\n","protected":false},"excerpt":{"rendered":"<p>Tras aprobarse en la Asamblea del pasado lunes su puesta en marcha, este pr\u00f3ximo fin de semana arranca la temporada 20\/21 para algunas competiciones&#8230;<\/p>\n","protected":false},"author":2,"featured_media":3959,"comment_status":"open","ping_status":"closed","sticky":false,"template":"","format":"standard","meta":{"_links_to":"","_links_to_target":""},"categories":[238,72],"tags":[],"acf":[],"_links":{"self":[{"href":"https:\/\/www.gisaski.eus\/es\/wp-json\/wp\/v2\/posts\/3958"}],"collection":[{"href":"https:\/\/www.gisaski.eus\/es\/wp-json\/wp\/v2\/posts"}],"about":[{"href":"https:\/\/www.gisaski.eus\/es\/wp-json\/wp\/v2\/types\/post"}],"author":[{"embeddable":true,"href":"https:\/\/www.gisaski.eus\/es\/wp-json\/wp\/v2\/users\/2"}],"replies":[{"embeddable":true,"href":"https:\/\/www.gisaski.eus\/es\/wp-json\/wp\/v2\/comments?post=3958"}],"version-history":[{"count":0,"href":"https:\/\/www.gisaski.eus\/es\/wp-json\/wp\/v2\/posts\/3958\/revisions"}],"wp:featuredmedia":[{"embeddable":true,"href":"https:\/\/www.gisaski.eus\/es\/wp-json\/wp\/v2\/media\/3959"}],"wp:attachment":[{"href":"https:\/\/www.gisaski.eus\/es\/wp-json\/wp\/v2\/media?parent=3958"}],"wp:term":[{"taxonomy":"category","embeddable":true,"href":"https:\/\/www.gisaski.eus\/es\/wp-json\/wp\/v2\/categories?post=3958"},{"taxonomy":"post_tag","embeddable":true,"href":"https:\/\/www.gisaski.eus\/es\/wp-json\/wp\/v2\/tags?post=3958"}],"curies":[{"name":"wp","href":"https:\/\/api.w.org\/{rel}","templated":true}]}}