{"id":3949,"date":"2020-09-29T08:57:12","date_gmt":"2020-09-29T06:57:12","guid":{"rendered":"https:\/\/www.gisaski.eus\/?p=3949\/"},"modified":"2020-10-20T12:38:55","modified_gmt":"2020-10-20T10:38:55","slug":"comienzo-del-baloncesto","status":"publish","type":"post","link":"https:\/\/www.gisaski.eus\/es\/comienzo-del-baloncesto\/","title":{"rendered":"Aprobado el comienzo de nuestro baloncesto"},"content":{"rendered":"<div dir=\"auto\"><span style=\"color: #000000;\">La Asamblea de la Federaci\u00f3n Gipuzkoano de Baloncesto, que tuvo lugar ayer por la tarde en la sala Atano III de las oficinas de Kirol Etxea, aprob\u00f3 el comienzo de la temporada 20\/21.<\/span><\/div>\n<div dir=\"auto\">\u00a0<\/div>\n<div dir=\"auto\"><span style=\"color: #000000;\">De esta manera, las competiciones gipuzkoanas ir\u00e1n arrancando a partir del primer fin de semana de octubre y el bal\u00f3n volver\u00e1 a ser el protagonista en nuestras canchas y polideportivos. Durante la Asamblea se ha procedido al sorteo del calendario de las categor\u00edas Senior Segunda Femenina, Senior Tercera Masculina y Junior Masculina y Femenina de participaci\u00f3n.<\/span><\/div>\n<div dir=\"auto\">\u00a0<\/div>\n<div dir=\"auto\"><img loading=\"lazy\" class=\" wp-image-3950 aligncenter\" src=\"https:\/\/www.gisaski.eus\/site\/contenido\/media\/ejbjvpmwoaaolcu-1.jpg\" alt=\"\" width=\"645\" height=\"361\" srcset=\"https:\/\/www.gisaski.eus\/site\/contenido\/media\/ejbjvpmwoaaolcu-1.jpg 2048w, https:\/\/www.gisaski.eus\/site\/contenido\/media\/ejbjvpmwoaaolcu-1-768x430.jpg 768w\" sizes=\"(max-width: 645px) 100vw, 645px\" \/><\/div>\n<div dir=\"auto\">\u00a0<\/div>\n<div dir=\"auto\"><span style=\"color: #000000;\">Como no puede ser de otra forma, dicho inicio de la competici\u00f3n viene condicionado por un estricto protocolo, que tambi\u00e9n ha sido aprobado en la propia Asamblea, y que es de obligado cumplimiento para poder arrancar y avanzar.<\/span><\/div>\n<div dir=\"auto\">\u00a0<\/div>\n<div dir=\"auto\"><span style=\"color: #000000;\">Desde la Federaci\u00f3n se intentar\u00e1 dar todo el soporte necesario para que los clubes puedan desarrollar su actividad con las mayores garant\u00edas y facilidades posibles.<\/span><\/div>\n<div dir=\"auto\">\u00a0<\/div>\n<div dir=\"auto\"><span style=\"color: #000000;\">No obstante, la situaci\u00f3n es de sobra conocida y para que las competiciones puedan desarrollarse con normalidad se necesitar\u00e1 de la responsabilidad de todos los que formamos la familia del baloncesto gipuzkoano.<\/span><\/div>\n","protected":false},"excerpt":{"rendered":"<p>La Asamblea de la Federaci\u00f3n Gipuzkoano de Baloncesto, que tuvo lugar ayer por la tarde en la sala Atano III de las oficinas de&#8230;<\/p>\n","protected":false},"author":2,"featured_media":3947,"comment_status":"open","ping_status":"closed","sticky":false,"template":"","format":"standard","meta":{"_links_to":"","_links_to_target":""},"categories":[238,72],"tags":[],"acf":[],"_links":{"self":[{"href":"https:\/\/www.gisaski.eus\/es\/wp-json\/wp\/v2\/posts\/3949"}],"collection":[{"href":"https:\/\/www.gisaski.eus\/es\/wp-json\/wp\/v2\/posts"}],"about":[{"href":"https:\/\/www.gisaski.eus\/es\/wp-json\/wp\/v2\/types\/post"}],"author":[{"embeddable":true,"href":"https:\/\/www.gisaski.eus\/es\/wp-json\/wp\/v2\/users\/2"}],"replies":[{"embeddable":true,"href":"https:\/\/www.gisaski.eus\/es\/wp-json\/wp\/v2\/comments?post=3949"}],"version-history":[{"count":0,"href":"https:\/\/www.gisaski.eus\/es\/wp-json\/wp\/v2\/posts\/3949\/revisions"}],"wp:featuredmedia":[{"embeddable":true,"href":"https:\/\/www.gisaski.eus\/es\/wp-json\/wp\/v2\/media\/3947"}],"wp:attachment":[{"href":"https:\/\/www.gisaski.eus\/es\/wp-json\/wp\/v2\/media?parent=3949"}],"wp:term":[{"taxonomy":"category","embeddable":true,"href":"https:\/\/www.gisaski.eus\/es\/wp-json\/wp\/v2\/categories?post=3949"},{"taxonomy":"post_tag","embeddable":true,"href":"https:\/\/www.gisaski.eus\/es\/wp-json\/wp\/v2\/tags?post=3949"}],"curies":[{"name":"wp","href":"https:\/\/api.w.org\/{rel}","templated":true}]}}