{"id":3900,"date":"2020-08-04T20:47:04","date_gmt":"2020-08-04T18:47:04","guid":{"rendered":"https:\/\/www.gisaski.eus\/?p=3900\/"},"modified":"2020-10-01T15:52:21","modified_gmt":"2020-10-01T13:52:21","slug":"gb-acb","status":"publish","type":"post","link":"https:\/\/www.gisaski.eus\/es\/gb-acb\/","title":{"rendered":"Gipuzkoa Basket invitado a la ACB"},"content":{"rendered":"<p><span style=\"color: #000000;\">En la tarde de ayer conocimos que la <strong><a style=\"color: #000000;\" href=\"https:\/\/www.acb.com\/articulo\/ver\/153815-comunicado-oficial-de-la-acb.html\">ACB ha cursado la invitaci\u00f3n<\/a> <\/strong>para que el Gipuzkoa Basket ingrese en la competici\u00f3n para la temporada 20\/21. Es por que ello que, si no hay cambios de \u00faltima hora, GB disputar\u00e1 la pr\u00f3xima Liga Endesa 20\/21 que arrancar\u00e1 a mediados del mes de septiembre.<\/span><\/p>\n<p><span style=\"color: #000000;\">De esta manera, Gipuzkoa volver\u00e1 a tener tres equipos referentes en la \u00e9lite del baloncesto, sum\u00e1ndose GB a IDK Euskotren y Salto Bera Bera que nos representan en la Liga Femenina y en la Primera Divisi\u00f3n &#8211; BSR respectivamente. <\/span><\/p>\n<p><span style=\"color: #000000;\">Ojal\u00e1 que a partir de septiembre podamos volver a disfrutar del mejor baloncesto profesional en nuestra provincia y la evoluci\u00f3n de la pandemia nos permita vivirla \u00abin situ\u00bb cu\u00e1nto antes.<\/span><\/p>\n","protected":false},"excerpt":{"rendered":"<p>En la tarde de ayer conocimos que la ACB ha cursado la invitaci\u00f3n para que el Gipuzkoa Basket ingrese en la competici\u00f3n para la&#8230;<\/p>\n","protected":false},"author":2,"featured_media":3901,"comment_status":"open","ping_status":"closed","sticky":false,"template":"","format":"standard","meta":{"_links_to":"","_links_to_target":""},"categories":[238,75],"tags":[],"acf":[],"_links":{"self":[{"href":"https:\/\/www.gisaski.eus\/es\/wp-json\/wp\/v2\/posts\/3900"}],"collection":[{"href":"https:\/\/www.gisaski.eus\/es\/wp-json\/wp\/v2\/posts"}],"about":[{"href":"https:\/\/www.gisaski.eus\/es\/wp-json\/wp\/v2\/types\/post"}],"author":[{"embeddable":true,"href":"https:\/\/www.gisaski.eus\/es\/wp-json\/wp\/v2\/users\/2"}],"replies":[{"embeddable":true,"href":"https:\/\/www.gisaski.eus\/es\/wp-json\/wp\/v2\/comments?post=3900"}],"version-history":[{"count":0,"href":"https:\/\/www.gisaski.eus\/es\/wp-json\/wp\/v2\/posts\/3900\/revisions"}],"wp:featuredmedia":[{"embeddable":true,"href":"https:\/\/www.gisaski.eus\/es\/wp-json\/wp\/v2\/media\/3901"}],"wp:attachment":[{"href":"https:\/\/www.gisaski.eus\/es\/wp-json\/wp\/v2\/media?parent=3900"}],"wp:term":[{"taxonomy":"category","embeddable":true,"href":"https:\/\/www.gisaski.eus\/es\/wp-json\/wp\/v2\/categories?post=3900"},{"taxonomy":"post_tag","embeddable":true,"href":"https:\/\/www.gisaski.eus\/es\/wp-json\/wp\/v2\/tags?post=3900"}],"curies":[{"name":"wp","href":"https:\/\/api.w.org\/{rel}","templated":true}]}}