{"id":3188,"date":"2019-11-19T16:45:44","date_gmt":"2019-11-19T15:45:44","guid":{"rendered":"http:\/\/www.gisaski.eus\/?p=3188\/"},"modified":"2019-11-27T17:41:48","modified_gmt":"2019-11-27T16:41:48","slug":"la-seleccion-infantil-masculina-homenajeada-en-el-gasca","status":"publish","type":"post","link":"https:\/\/www.gisaski.eus\/es\/la-seleccion-infantil-masculina-homenajeada-en-el-gasca\/","title":{"rendered":"La selecci\u00f3n infantil masculina, homenajeada en el Gasca"},"content":{"rendered":"<p class=\"p1\"><span class=\"s1\">La selecci\u00f3n de Gipuzkoa infantil masculina, que se ha proclamado campeona de Euskadi y Navarra recientemente, recibi\u00f3 un cari\u00f1oso homenaje el pasado domingo en el Gasca, durante el descanso del encuentro de la LEB Oro entre el Delteco Gipuzkoa Basket y el Ourense. Los jugadores saltaron a la pista, chocaron manos con Gipu y recibieron el aplauso del p\u00fablico. Seguro que no olvidar\u00e1n f\u00e1cilmente un detalle tan especial.<\/span><\/p>\n<p class=\"p1\"><span class=\"s1\">Desde la Federaci\u00f3n Guipuzcoana de Baloncesto agradecemos al Gipuzkoa Basket el gesto y le damos la enhorabuena por su gran inicio de temporada.<\/span><\/p>\n<p><img loading=\"lazy\" class=\"alignnone size-full wp-image-3187\" src=\"http:\/\/www.gisaski.eus\/site\/contenido\/media\/75521588_776840969409467_3238538678443704320_n.jpg\" alt=\"\" width=\"750\" height=\"750\" srcset=\"https:\/\/www.gisaski.eus\/site\/contenido\/media\/75521588_776840969409467_3238538678443704320_n.jpg 750w, https:\/\/www.gisaski.eus\/site\/contenido\/media\/75521588_776840969409467_3238538678443704320_n-40x40.jpg 40w, https:\/\/www.gisaski.eus\/site\/contenido\/media\/75521588_776840969409467_3238538678443704320_n-80x80.jpg 80w\" sizes=\"(max-width: 750px) 100vw, 750px\" \/><\/p>\n<p><img loading=\"lazy\" class=\"alignnone size-full wp-image-3186\" src=\"http:\/\/www.gisaski.eus\/site\/contenido\/media\/75388493_776841006076130_7920787010929819648_n.jpg\" alt=\"\" width=\"750\" height=\"750\" srcset=\"https:\/\/www.gisaski.eus\/site\/contenido\/media\/75388493_776841006076130_7920787010929819648_n.jpg 750w, https:\/\/www.gisaski.eus\/site\/contenido\/media\/75388493_776841006076130_7920787010929819648_n-40x40.jpg 40w, https:\/\/www.gisaski.eus\/site\/contenido\/media\/75388493_776841006076130_7920787010929819648_n-80x80.jpg 80w\" sizes=\"(max-width: 750px) 100vw, 750px\" \/><\/p>\n","protected":false},"excerpt":{"rendered":"<p>La selecci\u00f3n de Gipuzkoa infantil masculina, que se ha proclamado campeona de Euskadi y Navarra recientemente, recibi\u00f3 un cari\u00f1oso homenaje el pasado domingo en&#8230;<\/p>\n","protected":false},"author":2,"featured_media":3185,"comment_status":"open","ping_status":"closed","sticky":false,"template":"","format":"standard","meta":{"_links_to":"","_links_to_target":""},"categories":[75],"tags":[],"acf":[],"_links":{"self":[{"href":"https:\/\/www.gisaski.eus\/es\/wp-json\/wp\/v2\/posts\/3188"}],"collection":[{"href":"https:\/\/www.gisaski.eus\/es\/wp-json\/wp\/v2\/posts"}],"about":[{"href":"https:\/\/www.gisaski.eus\/es\/wp-json\/wp\/v2\/types\/post"}],"author":[{"embeddable":true,"href":"https:\/\/www.gisaski.eus\/es\/wp-json\/wp\/v2\/users\/2"}],"replies":[{"embeddable":true,"href":"https:\/\/www.gisaski.eus\/es\/wp-json\/wp\/v2\/comments?post=3188"}],"version-history":[{"count":0,"href":"https:\/\/www.gisaski.eus\/es\/wp-json\/wp\/v2\/posts\/3188\/revisions"}],"wp:featuredmedia":[{"embeddable":true,"href":"https:\/\/www.gisaski.eus\/es\/wp-json\/wp\/v2\/media\/3185"}],"wp:attachment":[{"href":"https:\/\/www.gisaski.eus\/es\/wp-json\/wp\/v2\/media?parent=3188"}],"wp:term":[{"taxonomy":"category","embeddable":true,"href":"https:\/\/www.gisaski.eus\/es\/wp-json\/wp\/v2\/categories?post=3188"},{"taxonomy":"post_tag","embeddable":true,"href":"https:\/\/www.gisaski.eus\/es\/wp-json\/wp\/v2\/tags?post=3188"}],"curies":[{"name":"wp","href":"https:\/\/api.w.org\/{rel}","templated":true}]}}