{"id":2920,"date":"2019-09-17T11:58:32","date_gmt":"2019-09-17T09:58:32","guid":{"rendered":"http:\/\/www.gisaski.eus\/?p=2920\/"},"modified":"2019-09-26T15:38:50","modified_gmt":"2019-09-26T13:38:50","slug":"selecciones-de-gipuzkoa-fechas-clave-y-primeras-convocatorias","status":"publish","type":"post","link":"https:\/\/www.gisaski.eus\/es\/selecciones-de-gipuzkoa-fechas-clave-y-primeras-convocatorias\/","title":{"rendered":"Selecciones de Gipuzkoa: fechas clave y primeras convocatorias"},"content":{"rendered":"<p class=\"p1\"><span class=\"s1\">Las selecciones de Gipuzkoa cadetes e infantiles se ponen en marcha este domingo (las selecciones junior y de minibasket lo har\u00e1n en diciembre y noviembre) para preparar una de las citas m\u00e1s atractivas de cada temporada: los campeonatos de Euskadi, en los que se medir\u00e1n a los combinados de Bizkaia, Araba y Navarra. Ya conocemos los nombres de los seleccionadores de cada una de nuestros equipos, adem\u00e1s de las fechas m\u00e1s se\u00f1aladas.<\/span><\/p>\n<p class=\"p1\"><span class=\"s1\">Consulta aqu\u00ed, adem\u00e1s, las primeras convocatorias en categor\u00edas infantil y cadete.<\/span><\/p>\n<p class=\"p1\"><span class=\"s1\"><span style=\"text-decoration: underline;\"><strong>JUNIOR<\/strong><\/span><br \/>\n<\/span><span class=\"s1\">Campeonato: 4 y 5 de enero, en Navarra.<br \/>\n<\/span><span class=\"s1\">Seleccionador masculino: \u00c1lex Astigarraga.<br \/>\n<\/span><span class=\"s1\">Seleccionador femenino: Aitor Uriondo.<br \/>\n<\/span><span class=\"s1\">Entrenamientos: 26, 27 y 28 de diciembre, 2 y 3 de enero.<\/span><\/p>\n<p class=\"p1\"><span class=\"s1\"><span style=\"text-decoration: underline;\"><strong>CADETE<\/strong><\/span><br \/>\n<\/span><span class=\"s1\">Campeonato: 2 y 3 de noviembre, en Bizkaia.<br \/>\n<\/span><span class=\"s1\">Seleccionador masculino: Xabier Altuna.<br \/>\n<\/span><span class=\"s1\">Seleccionador femenino: Jokin Zulaika.<br \/>\n<\/span><span class=\"s1\">Entrenamientos: 22 y 39 de septiembre, 6, 13, 20 y 27 de octubre.<br \/>\nPrimeras convocatorias:\u00a0<a href=\"http:\/\/www.gisaski.eus\/site\/contenido\/media\/convocatoria-cadete-masculino-220919.pdf\">Masculina<\/a>\u00a0\/\/\u00a0<a href=\"http:\/\/www.gisaski.eus\/site\/contenido\/media\/convocatoria-cadete-femenino-220919.pdf\">Femenina.<\/a><\/span><\/p>\n<p class=\"p1\"><span style=\"text-decoration: underline;\"><strong><span class=\"s1\">INFANTIL<br \/>\n<\/span><\/strong><\/span><span class=\"s1\">Campeonato: 1 y 2 de noviembre, en Araba.<br \/>\n<\/span><span class=\"s2\">Seleccionador masculino:\u00a0<\/span><span class=\"s1\">Oraitz Garc\u00eda-Borja Franganillo.<br \/>\n<\/span><span class=\"s1\">Seleccionador femenino:\u00a0<\/span><span class=\"s3\">Oihana Hermoso.<br \/>\n<\/span><span class=\"s1\">Entrenamientos: 22 y 29 de septiembre, 6, 13, 20 y 27 de octubre.<br \/>\nPrimeras convocatorias:\u00a0<a href=\"http:\/\/www.gisaski.eus\/site\/contenido\/media\/convocatoria-infantil-masculino-220919.pdf\">Masculina<\/a> \/\/\u00a0<a href=\"http:\/\/www.gisaski.eus\/site\/contenido\/media\/convocatoria-infantil-femenino-220919.pdf\">Femenina.<\/a><\/span><\/p>\n<p class=\"p1\"><strong>MINIBASKET<\/strong><\/p>\n<p class=\"p4\"><span class=\"s1\">Campeonato: 28 y 29 de diciembre, en Ordizia.<br \/>\n<\/span><span class=\"s1\">Seleccionador masculino:\u00a0Mikel Ormaetxea.<br \/>\n<\/span><span class=\"s1\">Seleccionador femenino: Susana Rodr\u00edguez.<br \/>\n<\/span><span class=\"s1\">Entrenamientos: 17 y 24 de noviembre y\u00a01, 6, 8, 15, 22 y 23 de diciembre.<\/span><\/p>\n","protected":false},"excerpt":{"rendered":"<p>Las selecciones de Gipuzkoa cadetes e infantiles se ponen en marcha este domingo (las selecciones junior y de minibasket lo har\u00e1n en diciembre y&#8230;<\/p>\n","protected":false},"author":2,"featured_media":2919,"comment_status":"open","ping_status":"closed","sticky":false,"template":"","format":"standard","meta":{"_links_to":"","_links_to_target":""},"categories":[7],"tags":[],"acf":[],"_links":{"self":[{"href":"https:\/\/www.gisaski.eus\/es\/wp-json\/wp\/v2\/posts\/2920"}],"collection":[{"href":"https:\/\/www.gisaski.eus\/es\/wp-json\/wp\/v2\/posts"}],"about":[{"href":"https:\/\/www.gisaski.eus\/es\/wp-json\/wp\/v2\/types\/post"}],"author":[{"embeddable":true,"href":"https:\/\/www.gisaski.eus\/es\/wp-json\/wp\/v2\/users\/2"}],"replies":[{"embeddable":true,"href":"https:\/\/www.gisaski.eus\/es\/wp-json\/wp\/v2\/comments?post=2920"}],"version-history":[{"count":0,"href":"https:\/\/www.gisaski.eus\/es\/wp-json\/wp\/v2\/posts\/2920\/revisions"}],"wp:featuredmedia":[{"embeddable":true,"href":"https:\/\/www.gisaski.eus\/es\/wp-json\/wp\/v2\/media\/2919"}],"wp:attachment":[{"href":"https:\/\/www.gisaski.eus\/es\/wp-json\/wp\/v2\/media?parent=2920"}],"wp:term":[{"taxonomy":"category","embeddable":true,"href":"https:\/\/www.gisaski.eus\/es\/wp-json\/wp\/v2\/categories?post=2920"},{"taxonomy":"post_tag","embeddable":true,"href":"https:\/\/www.gisaski.eus\/es\/wp-json\/wp\/v2\/tags?post=2920"}],"curies":[{"name":"wp","href":"https:\/\/api.w.org\/{rel}","templated":true}]}}