{"id":2718,"date":"2019-06-26T10:13:02","date_gmt":"2019-06-26T08:13:02","guid":{"rendered":"http:\/\/www.gisaski.eus\/?p=2718\/"},"modified":"2019-07-02T16:59:42","modified_gmt":"2019-07-02T14:59:42","slug":"este-sabado-3x3-mixto-popular-en-mons","status":"publish","type":"post","link":"https:\/\/www.gisaski.eus\/es\/este-sabado-3x3-mixto-popular-en-mons\/","title":{"rendered":"Este s\u00e1bado, 3&#215;3 mixto popular en Mons"},"content":{"rendered":"<p class=\"p1\"><span class=\"s1\">El s\u00e1bado 29 de junio a partir de las 15:00 en el polideportivo de Mons se celebrar\u00e1 el primer torneo 3&#215;3 mixto popular Inter basket. Habr\u00e1 concurso de triples y el buen ambiente de baloncesto est\u00e1 asegurado.<\/span><\/p>\n<p class=\"p1\"><span class=\"s1\">Inscripciones y m\u00e1s informaci\u00f3n a trav\u00e9s del mail <a href=\"mailto:3x3interbasket@gmail.com\"><span class=\"s2\">3x3interbasket@gmail.com<\/span><\/a>.<\/span><\/p>\n<p style=\"text-align: justify;\"><img loading=\"lazy\" class=\"alignnone size-full wp-image-2712\" src=\"http:\/\/www.gisaski.eus\/site\/contenido\/media\/55f3a158-e6dd-4e13-9efb-7be61188efef.jpeg\" alt=\"\" width=\"949\" height=\"1334\" srcset=\"https:\/\/www.gisaski.eus\/site\/contenido\/media\/55f3a158-e6dd-4e13-9efb-7be61188efef.jpeg 949w, https:\/\/www.gisaski.eus\/site\/contenido\/media\/55f3a158-e6dd-4e13-9efb-7be61188efef-768x1080.jpeg 768w\" sizes=\"(max-width: 949px) 100vw, 949px\" \/><\/p>\n","protected":false},"excerpt":{"rendered":"<p>El s\u00e1bado 29 de junio a partir de las 15:00 en el polideportivo de Mons se celebrar\u00e1 el primer torneo 3&#215;3 mixto popular Inter&#8230;<\/p>\n","protected":false},"author":2,"featured_media":2711,"comment_status":"open","ping_status":"closed","sticky":false,"template":"","format":"standard","meta":{"_links_to":"","_links_to_target":""},"categories":[73],"tags":[],"acf":[],"_links":{"self":[{"href":"https:\/\/www.gisaski.eus\/es\/wp-json\/wp\/v2\/posts\/2718"}],"collection":[{"href":"https:\/\/www.gisaski.eus\/es\/wp-json\/wp\/v2\/posts"}],"about":[{"href":"https:\/\/www.gisaski.eus\/es\/wp-json\/wp\/v2\/types\/post"}],"author":[{"embeddable":true,"href":"https:\/\/www.gisaski.eus\/es\/wp-json\/wp\/v2\/users\/2"}],"replies":[{"embeddable":true,"href":"https:\/\/www.gisaski.eus\/es\/wp-json\/wp\/v2\/comments?post=2718"}],"version-history":[{"count":0,"href":"https:\/\/www.gisaski.eus\/es\/wp-json\/wp\/v2\/posts\/2718\/revisions"}],"wp:featuredmedia":[{"embeddable":true,"href":"https:\/\/www.gisaski.eus\/es\/wp-json\/wp\/v2\/media\/2711"}],"wp:attachment":[{"href":"https:\/\/www.gisaski.eus\/es\/wp-json\/wp\/v2\/media?parent=2718"}],"wp:term":[{"taxonomy":"category","embeddable":true,"href":"https:\/\/www.gisaski.eus\/es\/wp-json\/wp\/v2\/categories?post=2718"},{"taxonomy":"post_tag","embeddable":true,"href":"https:\/\/www.gisaski.eus\/es\/wp-json\/wp\/v2\/tags?post=2718"}],"curies":[{"name":"wp","href":"https:\/\/api.w.org\/{rel}","templated":true}]}}