{"id":2652,"date":"2019-06-20T11:16:49","date_gmt":"2019-06-20T09:16:49","guid":{"rendered":"http:\/\/www.gisaski.eus\/?p=2652\/"},"modified":"2019-07-11T12:52:51","modified_gmt":"2019-07-11T10:52:51","slug":"cena-de-fin-de-temporada-de-arbitros-y-auxiliares","status":"publish","type":"post","link":"https:\/\/www.gisaski.eus\/es\/cena-de-fin-de-temporada-de-arbitros-y-auxiliares\/","title":{"rendered":"Cena de fin de temporada de \u00e1rbitros y auxiliares"},"content":{"rendered":"<p class=\"p1\"><span class=\"s1\">La semana pasada se celebr\u00f3 la habitual cena del comit\u00e9 guipuzcoano \u00e1rbitros y auxiliares de mesa. Como cada a\u00f1o, el ambiente fue distendido y divertido. Una excelente manera de poner punto y final a la temporada.<\/span><\/p>\n<p class=\"p1\"><span class=\"s1\">Adem\u00e1s, se entregaron una serie de reconocimientos a distintos \u00e1rbitros:<\/span><\/p>\n<p class=\"p1\"><span class=\"s1\">Auxiliar novel: Xabier Pascual.<br \/>\n <\/span>Trayectoria auxiliar: Javier M\u00e9ndez.<br \/>\n <span class=\"s1\">\u00c1rbitro novel: Andrea Vanzetti.<br \/>\n <\/span><span class=\"s1\">Trayectoria arbitral: Imanol Diz.<br \/>\n <\/span><span class=\"s1\">Reconocimiento Comit\u00e9 Vasco: Maitane Etxaniz.<br \/>\n <\/span><span class=\"s1\">Galard\u00f3n retirada: Rub\u00e9n Paris.<\/span><\/p>\n<p class=\"p1\"><span class=\"s1\">Desde la Federaci\u00f3n Guipuzcoana de Baloncesto, damos la enhorabuena a todo el colectivo por el trabajo realizado durante la temporada. ZORIONAK!<\/span><\/p>\n<p><img loading=\"lazy\" class=\"alignnone size-full wp-image-2654\" src=\"http:\/\/www.gisaski.eus\/site\/contenido\/media\/8d1549b5-bca0-4629-8ed8-1e264365b532.jpg\" alt=\"\" width=\"768\" height=\"1024\" \/> <img loading=\"lazy\" class=\"alignnone size-medium wp-image-2655\" src=\"http:\/\/www.gisaski.eus\/site\/contenido\/media\/594021c9-2316-4590-a7d5-0885c0719e4c.jpg\" alt=\"\" width=\"768\" height=\"1024\" \/> <img loading=\"lazy\" class=\"alignnone size-medium wp-image-2656\" src=\"http:\/\/www.gisaski.eus\/site\/contenido\/media\/e12ef2f7-352d-41e1-9653-be2d35cdd945.jpg\" alt=\"\" width=\"768\" height=\"1024\" \/> <img loading=\"lazy\" class=\"alignnone size-medium wp-image-2657\" src=\"http:\/\/www.gisaski.eus\/site\/contenido\/media\/2082a974-4e78-4896-a812-c99715ea5666.jpg\" alt=\"\" width=\"768\" height=\"1024\" \/> <img loading=\"lazy\" class=\"alignnone size-medium wp-image-2658\" src=\"http:\/\/www.gisaski.eus\/site\/contenido\/media\/58226100-e866-4c93-a72d-26067399578b.jpg\" alt=\"\" width=\"768\" height=\"1024\" \/> <img loading=\"lazy\" class=\"alignnone size-medium wp-image-2659\" src=\"http:\/\/www.gisaski.eus\/site\/contenido\/media\/82037002-7d26-4b98-9904-66f3cec3d91a.jpg\" alt=\"\" width=\"768\" height=\"1024\" \/><\/p>\n","protected":false},"excerpt":{"rendered":"<p>La semana pasada se celebr\u00f3 la habitual cena del comit\u00e9 guipuzcoano \u00e1rbitros y auxiliares de mesa. Como cada a\u00f1o, el ambiente fue distendido y&#8230;<\/p>\n","protected":false},"author":2,"featured_media":2660,"comment_status":"open","ping_status":"closed","sticky":false,"template":"","format":"standard","meta":{"_links_to":"","_links_to_target":""},"categories":[72],"tags":[],"acf":[],"_links":{"self":[{"href":"https:\/\/www.gisaski.eus\/es\/wp-json\/wp\/v2\/posts\/2652"}],"collection":[{"href":"https:\/\/www.gisaski.eus\/es\/wp-json\/wp\/v2\/posts"}],"about":[{"href":"https:\/\/www.gisaski.eus\/es\/wp-json\/wp\/v2\/types\/post"}],"author":[{"embeddable":true,"href":"https:\/\/www.gisaski.eus\/es\/wp-json\/wp\/v2\/users\/2"}],"replies":[{"embeddable":true,"href":"https:\/\/www.gisaski.eus\/es\/wp-json\/wp\/v2\/comments?post=2652"}],"version-history":[{"count":0,"href":"https:\/\/www.gisaski.eus\/es\/wp-json\/wp\/v2\/posts\/2652\/revisions"}],"wp:featuredmedia":[{"embeddable":true,"href":"https:\/\/www.gisaski.eus\/es\/wp-json\/wp\/v2\/media\/2660"}],"wp:attachment":[{"href":"https:\/\/www.gisaski.eus\/es\/wp-json\/wp\/v2\/media?parent=2652"}],"wp:term":[{"taxonomy":"category","embeddable":true,"href":"https:\/\/www.gisaski.eus\/es\/wp-json\/wp\/v2\/categories?post=2652"},{"taxonomy":"post_tag","embeddable":true,"href":"https:\/\/www.gisaski.eus\/es\/wp-json\/wp\/v2\/tags?post=2652"}],"curies":[{"name":"wp","href":"https:\/\/api.w.org\/{rel}","templated":true}]}}