{"id":2284,"date":"2019-05-08T13:01:16","date_gmt":"2019-05-08T11:01:16","guid":{"rendered":"http:\/\/www.gisaski.eus\/?p=2284\/"},"modified":"2019-05-13T17:54:30","modified_gmt":"2019-05-13T15:54:30","slug":"onintza-aduriz-dice-adios-al-baloncesto-profesional","status":"publish","type":"post","link":"https:\/\/www.gisaski.eus\/es\/onintza-aduriz-dice-adios-al-baloncesto-profesional\/","title":{"rendered":"Onintza Aduriz dice adi\u00f3s al baloncesto profesional"},"content":{"rendered":"<p class=\"p1\"><span class=\"s1\">Una de las grandes de nuestro baloncesto, Onintza Aduriz, anunci\u00f3 ayer que deja el baloncesto profesional. En un acto emotivo que tuvo lugar en La Perla, junto a Carmen y Azu Muguruza y rodeada de compa\u00f1eras, miembros del club, familiares y amigos, la alero donostiarra de 28 a\u00f1os apenas pudo contener las l\u00e1grimas. Deja atr\u00e1s una trayectoria de diez temporadas (282 partidos) en el IDK Gipuzkoa, seis de ellas en la m\u00e1xima categor\u00eda, en las que ha sido un ejemplo tanto dentro como fuera de la cancha.<\/span><\/p>\n<p class=\"p1\"><span class=\"s2\">\u201c<\/span><span class=\"s1\">Ha sido una decisi\u00f3n muy dif\u00edcil, pero la he tomado totalmente convencida, feliz y en el mejor momento\u201d, explic\u00f3. Onintza record\u00f3 sus inicios en el colegio Jesuitinas y su formaci\u00f3n en el Bera Bera antes de recalar en 2009 en el IDK Gipuzkoa. \u201c Hay tres aspectos que hacen que este club sea \u00fanico: apuesta por la gente de la casa, facilita el compaginar la vida personal con el equipo y selecciona personas, adem\u00e1s de jugadoras. Es el verdadero ADN del IDK\u201d. Onintza nombr\u00f3 a multitud de compa\u00f1eras, a la entrenadora Eva Gonz\u00e1lez, tuvo un recuerdo cari\u00f1oso para la afici\u00f3n \u201ccada vez m\u00e1s numerosa\u201d, directivos, y para Azu Muguruza \u201c por confiar siempre en m\u00ed y haberme convertido en una jugadora que ni so\u00f1aba con llegar a ser\u201d.<\/span><\/p>\n<p class=\"p1\"><span class=\"s1\">La entrenadora tuvo unas palabras preciosas para su ya exjugadora. \u201c Es un orgullo que una ni\u00f1a se haga jugadora y persona como lo ha hecho ella. Lo que va a dejar en m\u00ed es mucho m\u00e1s que una jugadora, va mucho m\u00e1s all\u00e1\u201d. Carmen Muguruza tambi\u00e9n mostr\u00f3 su cari\u00f1o hacia Onintza, de la que destac\u00f3 \u201csu compromiso, su lealtad y su criterio dentro y fuera de la pista. Gracias por haber representado nuestros valores\u201d.<\/span><\/p>\n<p class=\"p1\"><span class=\"s1\">Desde la Federaci\u00f3n Guipuzcoana de Baloncesto damos la enhorabuena a Onintza por una trayectoria ejemplar y le damos las gracias por ser un espejo para muchas ni\u00f1as y ni\u00f1os que cogen un bal\u00f3n por primera vez. \u00a1Te deseamos lo mejor en tu nueva etapa!<\/span><\/p>\n<p><img loading=\"lazy\" class=\"alignnone size-full wp-image-2285\" src=\"http:\/\/www.gisaski.eus\/site\/contenido\/media\/img_0487.jpg\" alt=\"\" width=\"750\" height=\"728\" srcset=\"https:\/\/www.gisaski.eus\/site\/contenido\/media\/img_0487.jpg 750w, https:\/\/www.gisaski.eus\/site\/contenido\/media\/img_0487-40x40.jpg 40w\" sizes=\"(max-width: 750px) 100vw, 750px\" \/><\/p>\n","protected":false},"excerpt":{"rendered":"<p>Una de las grandes de nuestro baloncesto, Onintza Aduriz, anunci\u00f3 ayer que deja el baloncesto profesional. En un acto emotivo que tuvo lugar en&#8230;<\/p>\n","protected":false},"author":2,"featured_media":2286,"comment_status":"open","ping_status":"closed","sticky":false,"template":"","format":"standard","meta":{"_links_to":"","_links_to_target":""},"categories":[75],"tags":[],"acf":[],"_links":{"self":[{"href":"https:\/\/www.gisaski.eus\/es\/wp-json\/wp\/v2\/posts\/2284"}],"collection":[{"href":"https:\/\/www.gisaski.eus\/es\/wp-json\/wp\/v2\/posts"}],"about":[{"href":"https:\/\/www.gisaski.eus\/es\/wp-json\/wp\/v2\/types\/post"}],"author":[{"embeddable":true,"href":"https:\/\/www.gisaski.eus\/es\/wp-json\/wp\/v2\/users\/2"}],"replies":[{"embeddable":true,"href":"https:\/\/www.gisaski.eus\/es\/wp-json\/wp\/v2\/comments?post=2284"}],"version-history":[{"count":0,"href":"https:\/\/www.gisaski.eus\/es\/wp-json\/wp\/v2\/posts\/2284\/revisions"}],"wp:featuredmedia":[{"embeddable":true,"href":"https:\/\/www.gisaski.eus\/es\/wp-json\/wp\/v2\/media\/2286"}],"wp:attachment":[{"href":"https:\/\/www.gisaski.eus\/es\/wp-json\/wp\/v2\/media?parent=2284"}],"wp:term":[{"taxonomy":"category","embeddable":true,"href":"https:\/\/www.gisaski.eus\/es\/wp-json\/wp\/v2\/categories?post=2284"},{"taxonomy":"post_tag","embeddable":true,"href":"https:\/\/www.gisaski.eus\/es\/wp-json\/wp\/v2\/tags?post=2284"}],"curies":[{"name":"wp","href":"https:\/\/api.w.org\/{rel}","templated":true}]}}