{"id":2200,"date":"2019-04-12T12:26:08","date_gmt":"2019-04-12T10:26:08","guid":{"rendered":"http:\/\/www.gisaski.eus\/?p=2200\/"},"modified":"2019-04-24T09:50:10","modified_gmt":"2019-04-24T07:50:10","slug":"campeonato-de-espana-mini-hablamos-con-mikel-odriozola-y-alex-suso-seleccionados-de-euskadi","status":"publish","type":"post","link":"https:\/\/www.gisaski.eus\/es\/campeonato-de-espana-mini-hablamos-con-mikel-odriozola-y-alex-suso-seleccionados-de-euskadi\/","title":{"rendered":"Campeonato de Espa\u00f1a mini: hablamos con Mikel Odriozola y \u00c1lex Suso, seleccionados de Euskadi"},"content":{"rendered":"<p class=\"p1\"><span class=\"s1\">Las selecciones de Euskadi de minibasket afrontan a partir del s\u00e1bado en San Fernando el momento cumbre de la temporada, el Campeona de Espa\u00f1a. Las chicos, dirigidos por el t\u00e9cnico donostiarra del Easo Mikel Odriozola, se medir\u00e1n en la fase de grupos de categor\u00eda preferente a Navarra, La Rioja y Murcia. Las chicas, con el t\u00e9cnico del Ointxe \u00c1lex Suso al frente, se las ver\u00e1n con Andaluc\u00eda, Madrid, Galicia y Asturias en categor\u00eda especial. Hablamos con ambos seleccionadores a pocas horas de que comience una cita tan ilusionante.<\/span><\/p>\n<p><img loading=\"lazy\" class=\"alignnone size-full wp-image-2199\" src=\"http:\/\/www.gisaski.eus\/site\/contenido\/media\/d2_6rlxxqaa_2ql.jpg\" alt=\"\" width=\"1080\" height=\"908\" srcset=\"https:\/\/www.gisaski.eus\/site\/contenido\/media\/d2_6rlxxqaa_2ql.jpg 1080w, https:\/\/www.gisaski.eus\/site\/contenido\/media\/d2_6rlxxqaa_2ql-768x646.jpg 768w\" sizes=\"(max-width: 1080px) 100vw, 1080px\" \/><\/p>\n<p class=\"p1\"><span class=\"s1\"><b>\u00bfC\u00f3mo ha ido la preparaci\u00f3n? \u00bfC\u00f3mo lleg\u00e1is al torneo?<\/b><\/span><\/p>\n<p class=\"p1\"><span class=\"s1\"><strong> Mikel Odriozola:<\/strong> La preparaci\u00f3n ha ido bastante bien. Los jugadores han trabajado con muchas ganas y hemos ido mejorando como equipo. Tenemos un grupo muy trabajador y lleno de ilusi\u00f3n. Los jugadores est\u00e1n deseando que llegue el campeonato.<\/span><\/p>\n<p class=\"p1\"><span class=\"s1\"><strong>Alex Suso:<\/strong> Llegamos con buenas sensaciones. Hemos ido de menos a m\u00e1s durante estos meses. La nota negativa han sido las lesiones. Aprovecho para mandar un beso muy grande a Yaiza y Naroa, dos jugadoras que tuvimos que dejar fuera por esta raz\u00f3n.<\/span><\/p>\n<p class=\"p1\"><span class=\"s1\"><b>-Cuentas con tres (chicos)\/cinco (chicas) jugadoras guipuzcoanas. H\u00e1blanos sobre ellas y cu\u00e1l puede ser su papel.<\/b><\/span><\/p>\n<p class=\"p3\"><span class=\"s1\"><strong>M.O.:<\/strong> Tenemos tres jugadores guipuzcoanos, Manex, Bingen y Marco, que juegan en Ointxe y Easo. Vienen con much\u00edsima ilusi\u00f3n, a veces los nervios les pasan un poco de factura pero siempre est\u00e1n dispuestos a trabajar y a esforzarse. Son tres jugadores diferentes y esperamos que dentro de sus caracter\u00edsticas puedan dar el m\u00e1ximo.<\/span><\/p>\n<p class=\"p1\"><span class=\"s1\"><strong>A.S.:<\/strong> Cada jugadora tiene un perfil muy diferente y una historia personal por detr\u00e1s. Por ejemplo, Inge Garuz de Easo estuvo recuper\u00e1ndose de una grave lesi\u00f3n en el codo desde diciembre. No pudo disputar el campeonato de Euskadi y Navarra pero ha sido muy luchadora y ha podido recoger los frutos. Tiene muy buen manejo de bal\u00f3n, t\u00e9cnicamente lo hace muy bien y es una pieza importante del equipo. Ane Roa, es una de las bases, bota muy bien ya que tiene mucha confianza en s\u00ed misma y es muy r\u00e1pida; adem\u00e1s tira bien y es buena defensora. Elene Ubierna nos aporta altura y rebote, y tiene muy buenos movimientos de cara y de espaldas al aro. Adem\u00e1s contagia su buen humor. Miren Iturzaeta se qued\u00f3 fuera en el \u00faltimo corte pero la hemos vuelto a llamar por la lesi\u00f3n de Naroa Mugartegi. Es inteligente, luchadora y con una capacidad de aprendizaje muy grande. Adem\u00e1s, nos ayuda a subir el bal\u00f3n y es muy buena pasadora. Por \u00faltimo contamos con Izaro Arteche. Es muy vertical, nos aporta puntos y contagia su nivel de intensidad al resto del equipo. Es una jugadora clave dentro y fuera del campo.<\/span><\/p>\n<p class=\"p1\"><span class=\"s1\"><b>\u00bfQu\u00e9 tipo de equipo quer\u00e9is ser?<\/b><\/span><\/p>\n<p class=\"p3\"><span class=\"s1\"><strong>M.O.:<\/strong> Pienso que lo m\u00e1s importante para nosotros va a ser trabajar como equipo. Tenemos jugadores con caracter\u00edsticas distintas y trataremos de potenciar las virtudes de cada uno, pero siempre jugando a un nivel de intensidad muy alto. Nos esforzaremos para conseguirlo.<\/span><\/p>\n<p class=\"p1\"><span class=\"s1\"><strong>A.S.:<\/strong> Queremos divertirnos jugando, no tener ning\u00fan miedo a la hora de atacar, jugar a muchas posesiones y anotar el mayor n\u00famero de puntos. Esto nos obliga a tener que defender muchas veces, por lo que nuestro esfuerzo atr\u00e1s ser\u00e1 clave.<\/span><\/p>\n<p class=\"p4\"><span class=\"s1\"><b>-Vuestros rivales de grupo ser\u00e1n Navarra, La Rioja y Murcia (chicos)\/Andaluc\u00eda, Madrid, Galicia y Asturias (chicas). \u00bfQu\u00e9 esperas de esta primera fase?<\/b><\/span><\/p>\n<p class=\"p3\"><span class=\"s1\"><strong>M.O.:<\/strong> Conocemos un poco a Navarra ya que les vimos jugar el Campeonato de Euskadi y Navarra, pero conociendo a sus entrenadores estoy convencido seguro que han evolucionado como equipo. Por contra, no conocemos a La Rioja y a Murcia. En cualquier caso, saber c\u00f3mo juegan los rivales es positivo pero lo m\u00e1s importante es centrarnos en nuestra equipo y en hacer el mejor trabajo posible. A partir de ah\u00ed, cada partido nos dir\u00e1 qu\u00e9 nivel somos capaces de dar.<\/span><\/p>\n<p class=\"p4\"><span class=\"s1\"><strong>A.S.:<\/strong> Andaluc\u00eda y Madrid parten como favoritas , pero iremos a jugar contra ellas sin ning\u00fan complejo y estamos seguros de que nuestras jugadoras sabr\u00e1n estar a la altura. Galicia y Asturias son dos equipos contra los que hemos jugado en la preparaci\u00f3n. Son dos grandes selecciones pero iremos con la intenci\u00f3n de plantarles cara. En estas edades cada partido es un mundo y puede pasar cualquier cosa.<\/span><\/p>\n<p class=\"p1\"><span class=\"s1\"><b>-Es la primera experiencia para tus jugadoras en un torneo de este nivel. \u00bfC\u00f3mo se gestiona eso como entrenador?<\/b><\/span><\/p>\n<p class=\"p3\"><span class=\"s1\"><strong>M.O.:<\/strong> Es su primera experiencia y es algo que vemos desde un punto de vista positivo. Las ganas y la ilusi\u00f3n con la que afrontan los jugadores este torneo son alt\u00edsimas y eso hace que su esfuerzo vaya a ser m\u00e1ximo. Sin embargo, tambi\u00e9n tiene su parte &#8216;negativa&#8217; y es la de los nervios. Son ni\u00f1os de 11-12 a\u00f1os y no es sencillo gestionar ese tipo de sensaciones. Por ello, nuestra principal labor es ayudarles a enfocarse correctamente y a que aprovechen de la manera m\u00e1s positiva posible esta experiencia.<\/span><\/p>\n<p class=\"p1\"><span class=\"s1\"><strong>A.S.:<\/strong> Para ellas todo esto es una explosi\u00f3n de emociones y nosotros estamos a su disposici\u00f3n para cualquier ayuda que puedan necesitar, no solo en lo deportivo, sino a la hora de gestionar los nervios y sobre todo de disfrutar de todo lo que supone un campeonato como \u00e9ste. Por supuesto que la competici\u00f3n y los resultados tienen su importancia pero el centrarnos m\u00e1s en el proceso que en el resultado nos har\u00e1 disfrutar a\u00fan m\u00e1s de esta experiencia.<\/span><\/p>\n<p class=\"p1\"><span class=\"s1\"><b>-\u00bfQu\u00e9 supone para ti como entrenador disputar este torneo?<\/b><\/span><\/p>\n<p class=\"p3\"><span class=\"s2\"><b>M.O.:\u00a0<\/b><\/span><span class=\"s1\">Al final, lo m\u00e1s importante en un torneo como \u00e9ste es conseguir que los jugadores se lleven una experiencia lo m\u00e1s positiva posible. Nuestra labor es ayudarles en ese sentido. Como dec\u00eda, los jugadores lo afrontan con much\u00edsima ilusi\u00f3n y nosotros, por supuesto, tambi\u00e9n.<\/span><\/p>\n<p class=\"p1\"><span class=\"s1\"><strong>A.S.:<\/strong> Ir a un campeonato de Espa\u00f1a, tanto con la selecci\u00f3n de Euskadi como con un equipo de tu club siempre es algo incre\u00edble y un recuerdo imborrable para toda la vida. Estoy muy emocionado y agradecido por la oportunidad. Tambi\u00e9n quiero dar las gracias al cuerpo t\u00e9cnico, jugadoras y familias por el gran trabajo que est\u00e1n haciendo, y por supuesto a todos los clubes y entrenadores\/as que trabajan d\u00eda a d\u00eda con las jugadoras.<\/span><\/p>\n","protected":false},"excerpt":{"rendered":"<p>Las selecciones de Euskadi de minibasket afrontan a partir del s\u00e1bado en San Fernando el momento cumbre de la temporada, el Campeona de Espa\u00f1a&#8230;.<\/p>\n","protected":false},"author":2,"featured_media":2198,"comment_status":"open","ping_status":"closed","sticky":false,"template":"","format":"standard","meta":{"_links_to":"","_links_to_target":""},"categories":[75],"tags":[],"acf":[],"_links":{"self":[{"href":"https:\/\/www.gisaski.eus\/es\/wp-json\/wp\/v2\/posts\/2200"}],"collection":[{"href":"https:\/\/www.gisaski.eus\/es\/wp-json\/wp\/v2\/posts"}],"about":[{"href":"https:\/\/www.gisaski.eus\/es\/wp-json\/wp\/v2\/types\/post"}],"author":[{"embeddable":true,"href":"https:\/\/www.gisaski.eus\/es\/wp-json\/wp\/v2\/users\/2"}],"replies":[{"embeddable":true,"href":"https:\/\/www.gisaski.eus\/es\/wp-json\/wp\/v2\/comments?post=2200"}],"version-history":[{"count":0,"href":"https:\/\/www.gisaski.eus\/es\/wp-json\/wp\/v2\/posts\/2200\/revisions"}],"wp:featuredmedia":[{"embeddable":true,"href":"https:\/\/www.gisaski.eus\/es\/wp-json\/wp\/v2\/media\/2198"}],"wp:attachment":[{"href":"https:\/\/www.gisaski.eus\/es\/wp-json\/wp\/v2\/media?parent=2200"}],"wp:term":[{"taxonomy":"category","embeddable":true,"href":"https:\/\/www.gisaski.eus\/es\/wp-json\/wp\/v2\/categories?post=2200"},{"taxonomy":"post_tag","embeddable":true,"href":"https:\/\/www.gisaski.eus\/es\/wp-json\/wp\/v2\/tags?post=2200"}],"curies":[{"name":"wp","href":"https:\/\/api.w.org\/{rel}","templated":true}]}}