{"id":2142,"date":"2019-03-28T11:28:58","date_gmt":"2019-03-28T10:28:58","guid":{"rendered":"http:\/\/www.gisaski.eus\/?p=2142\/"},"modified":"2019-04-04T16:12:02","modified_gmt":"2019-04-04T14:12:02","slug":"la-seleccion-de-euskadi-de-minibasket-disputa-este-fin-de-semana-un-torneo-en-miranda-de-ebro","status":"publish","type":"post","link":"https:\/\/www.gisaski.eus\/es\/la-seleccion-de-euskadi-de-minibasket-disputa-este-fin-de-semana-un-torneo-en-miranda-de-ebro\/","title":{"rendered":"Las selecciones de Euskadi de minibasket disputa este fin de semana un torneo en Miranda de Ebro"},"content":{"rendered":"<p class=\"p1\"><span class=\"s1\">Las selecciones de Euskadi de minibasket participar\u00e1n este fin de semana en Miranda de Ebro un torneo preparatorio para el campeonato de Espa\u00f1a de selecciones auton\u00f3micas, que se disputar\u00e1n, entre los d\u00edas 13 y 17 de abril en San Fernando (C\u00e1diz). Castilla y Le\u00f3n, Asturias y Galicia servir\u00e1n de piedra de toque para las selecciones vascas, que cuentan con un total de cuatro jugadoras y tres jugadores guipuzcoanos.\u00a0<\/span><\/p>\n<p class=\"p1\"><span class=\"s1\">\u00c9stas son las convocatorias de la Federaci\u00f3n Vasca de Baloncesto:<br \/>\n<a href=\"http:\/\/www.gisaski.eus\/site\/contenido\/media\/concentracion-minibasket-masculina-30-y-31-03-2019.pdf\">Selecci\u00f3n masculina<\/a> <br \/>\n<a href=\"http:\/\/www.gisaski.eus\/site\/contenido\/media\/concentracion-minibasket-femenina-30-y-31-03-2019.pdf\">Selecci\u00f3n femenina<\/a><br \/>\n<\/span><\/p>\n","protected":false},"excerpt":{"rendered":"<p>Las selecciones de Euskadi de minibasket participar\u00e1n este fin de semana en Miranda de Ebro un torneo preparatorio para el campeonato de Espa\u00f1a de&#8230;<\/p>\n","protected":false},"author":2,"featured_media":1500,"comment_status":"open","ping_status":"closed","sticky":false,"template":"","format":"standard","meta":{"_links_to":"","_links_to_target":""},"categories":[7],"tags":[],"acf":[],"_links":{"self":[{"href":"https:\/\/www.gisaski.eus\/es\/wp-json\/wp\/v2\/posts\/2142"}],"collection":[{"href":"https:\/\/www.gisaski.eus\/es\/wp-json\/wp\/v2\/posts"}],"about":[{"href":"https:\/\/www.gisaski.eus\/es\/wp-json\/wp\/v2\/types\/post"}],"author":[{"embeddable":true,"href":"https:\/\/www.gisaski.eus\/es\/wp-json\/wp\/v2\/users\/2"}],"replies":[{"embeddable":true,"href":"https:\/\/www.gisaski.eus\/es\/wp-json\/wp\/v2\/comments?post=2142"}],"version-history":[{"count":0,"href":"https:\/\/www.gisaski.eus\/es\/wp-json\/wp\/v2\/posts\/2142\/revisions"}],"wp:featuredmedia":[{"embeddable":true,"href":"https:\/\/www.gisaski.eus\/es\/wp-json\/wp\/v2\/media\/1500"}],"wp:attachment":[{"href":"https:\/\/www.gisaski.eus\/es\/wp-json\/wp\/v2\/media?parent=2142"}],"wp:term":[{"taxonomy":"category","embeddable":true,"href":"https:\/\/www.gisaski.eus\/es\/wp-json\/wp\/v2\/categories?post=2142"},{"taxonomy":"post_tag","embeddable":true,"href":"https:\/\/www.gisaski.eus\/es\/wp-json\/wp\/v2\/tags?post=2142"}],"curies":[{"name":"wp","href":"https:\/\/api.w.org\/{rel}","templated":true}]}}