{"id":2095,"date":"2019-03-15T16:56:10","date_gmt":"2019-03-15T15:56:10","guid":{"rendered":"http:\/\/www.gisaski.eus\/?p=2095\/"},"modified":"2019-03-21T15:50:14","modified_gmt":"2019-03-21T14:50:14","slug":"la-exposicion-50-anos-de-baloncesto-se-inaugura-esta-tarde-en-urretxu","status":"publish","type":"post","link":"https:\/\/www.gisaski.eus\/es\/la-exposicion-50-anos-de-baloncesto-se-inaugura-esta-tarde-en-urretxu\/","title":{"rendered":"La exposici\u00f3n &#8217;50 a\u00f1os de baloncesto&#8217; se inaugura esta tarde en Urretxu"},"content":{"rendered":"<p class=\"p1\"><span class=\"s1\">La exposici\u00f3n fotogr\u00e1fica &#8217;50 a\u00f1os de baloncesto&#8217; se inaugura esta tarde en la sala de exposiciones Juan de Lizarazu de Urretxu. La exposici\u00f3n forma parte de los actos conmemorativos del 50 aniversario de Goierri Saskibaloia y recorre los momentos m\u00e1s se\u00f1alados y entra\u00f1ables de la historia del club y de este deporte en Urretxu. Estar\u00e1 abierta hasta el d\u00eda 31 de marzo en horario de 17.30 a 20.30 horas (de martes a domingo).<\/span><\/p>\n<p class=\"p1\"><span class=\"s1\"><a href=\"http:\/\/www.gisaski.eus\/es\/goierri-ke-presenta-los-actos-de-celebracion-de-su-50-aniversario\/\">Consulta aqu\u00ed el calendario<\/a> de actos del 50 aniversario.<\/span><\/p>\n<p><img loading=\"lazy\" class=\"alignnone size-full wp-image-2096\" src=\"http:\/\/www.gisaski.eus\/site\/contenido\/media\/53886070_611886215904944_7227042650371653632_o.jpg\" alt=\"\" width=\"977\" height=\"596\" srcset=\"https:\/\/www.gisaski.eus\/site\/contenido\/media\/53886070_611886215904944_7227042650371653632_o.jpg 977w, https:\/\/www.gisaski.eus\/site\/contenido\/media\/53886070_611886215904944_7227042650371653632_o-768x469.jpg 768w\" sizes=\"(max-width: 977px) 100vw, 977px\" \/> <img loading=\"lazy\" class=\"alignnone size-medium wp-image-2097\" src=\"http:\/\/www.gisaski.eus\/site\/contenido\/media\/54257582_611886249238274_6725465198334836736_o.jpg\" alt=\"\" width=\"975\" height=\"594\" srcset=\"https:\/\/www.gisaski.eus\/site\/contenido\/media\/54257582_611886249238274_6725465198334836736_o.jpg 975w, https:\/\/www.gisaski.eus\/site\/contenido\/media\/54257582_611886249238274_6725465198334836736_o-768x468.jpg 768w\" sizes=\"(max-width: 975px) 100vw, 975px\" \/><\/p>\n","protected":false},"excerpt":{"rendered":"<p>La exposici\u00f3n fotogr\u00e1fica &#8217;50 a\u00f1os de baloncesto&#8217; se inaugura esta tarde en la sala de exposiciones Juan de Lizarazu de Urretxu. La exposici\u00f3n forma&#8230;<\/p>\n","protected":false},"author":2,"featured_media":2098,"comment_status":"open","ping_status":"closed","sticky":false,"template":"","format":"standard","meta":{"_links_to":"","_links_to_target":""},"categories":[73],"tags":[],"acf":[],"_links":{"self":[{"href":"https:\/\/www.gisaski.eus\/es\/wp-json\/wp\/v2\/posts\/2095"}],"collection":[{"href":"https:\/\/www.gisaski.eus\/es\/wp-json\/wp\/v2\/posts"}],"about":[{"href":"https:\/\/www.gisaski.eus\/es\/wp-json\/wp\/v2\/types\/post"}],"author":[{"embeddable":true,"href":"https:\/\/www.gisaski.eus\/es\/wp-json\/wp\/v2\/users\/2"}],"replies":[{"embeddable":true,"href":"https:\/\/www.gisaski.eus\/es\/wp-json\/wp\/v2\/comments?post=2095"}],"version-history":[{"count":0,"href":"https:\/\/www.gisaski.eus\/es\/wp-json\/wp\/v2\/posts\/2095\/revisions"}],"wp:featuredmedia":[{"embeddable":true,"href":"https:\/\/www.gisaski.eus\/es\/wp-json\/wp\/v2\/media\/2098"}],"wp:attachment":[{"href":"https:\/\/www.gisaski.eus\/es\/wp-json\/wp\/v2\/media?parent=2095"}],"wp:term":[{"taxonomy":"category","embeddable":true,"href":"https:\/\/www.gisaski.eus\/es\/wp-json\/wp\/v2\/categories?post=2095"},{"taxonomy":"post_tag","embeddable":true,"href":"https:\/\/www.gisaski.eus\/es\/wp-json\/wp\/v2\/tags?post=2095"}],"curies":[{"name":"wp","href":"https:\/\/api.w.org\/{rel}","templated":true}]}}