{"id":2006,"date":"2019-02-25T17:38:28","date_gmt":"2019-02-25T16:38:28","guid":{"rendered":"http:\/\/www.gisaski.eus\/?p=2006\/"},"modified":"2019-03-18T10:31:43","modified_gmt":"2019-03-18T09:31:43","slug":"asier-de-la-iglesia-con-la-seleccion-espanola","status":"publish","type":"post","link":"https:\/\/www.gisaski.eus\/es\/asier-de-la-iglesia-con-la-seleccion-espanola\/","title":{"rendered":"Asier de la Iglesia, con la selecci\u00f3n espa\u00f1ola"},"content":{"rendered":"<p class=\"p1\"><span class=\"s1\">Asier de la Iglesia se ha entrenado esta ma\u00f1ana con la selecci\u00f3n espa\u00f1ola en la sesi\u00f3n previa al partido frente a Turqu\u00eda, correspondiente a la fase de clasificaci\u00f3n para el Mundial de China 2019. El p\u00edvot del Ordizia Basoa Banaketak, de 34 a\u00f1os, ha compartido con el equipo de Sergio Scariolo su sonrisa perenne, su positivismo y su lucha contra la esclerosis m\u00faltiple.<\/span><\/p>\n<p class=\"p1\"><span class=\"s2\">\u201c<\/span><span class=\"s1\">El presidente de la FEB (Jorge Garbajosa) me invit\u00f3 a pasar estos \u00faltimos d\u00edas de la \u2018ventana\u2019 con el equipo y aqu\u00ed estoy, tambi\u00e9n para darle difusi\u00f3n a lo que estoy haciendo\u201d, explica. \u201cEstoy encantado de convivir con la Selecci\u00f3n y compartir un entrenamiento con ellos. Son todos muy simp\u00e1ticos, es como si les conociera de mucho m\u00e1s que s\u00f3lo un par de d\u00edas. La vida son experiencias y \u00e9sta es una m\u00e1s de las que puedo contar. Estoy orgulloso de lo que hace el baloncesto, siempre solidario\u201d. ZORIONAK ASIER!<\/span><\/p>\n<p><img loading=\"lazy\" class=\"alignnone size-full wp-image-2008\" src=\"http:\/\/www.gisaski.eus\/site\/contenido\/media\/d0q1acywwaiuzzg.jpg\" alt=\"\" width=\"776\" height=\"1200\" srcset=\"https:\/\/www.gisaski.eus\/site\/contenido\/media\/d0q1acywwaiuzzg.jpg 776w, https:\/\/www.gisaski.eus\/site\/contenido\/media\/d0q1acywwaiuzzg-768x1188.jpg 768w\" sizes=\"(max-width: 776px) 100vw, 776px\" \/> <img loading=\"lazy\" class=\"alignnone size-medium wp-image-2009\" src=\"http:\/\/www.gisaski.eus\/site\/contenido\/media\/d0q1a41xgaawath.jpg\" alt=\"\" width=\"1200\" height=\"900\" srcset=\"https:\/\/www.gisaski.eus\/site\/contenido\/media\/d0q1a41xgaawath.jpg 1200w, https:\/\/www.gisaski.eus\/site\/contenido\/media\/d0q1a41xgaawath-768x576.jpg 768w\" sizes=\"(max-width: 1200px) 100vw, 1200px\" \/><\/p>\n<p>&nbsp;<\/p>\n","protected":false},"excerpt":{"rendered":"<p>Asier de la Iglesia se ha entrenado esta ma\u00f1ana con la selecci\u00f3n espa\u00f1ola en la sesi\u00f3n previa al partido frente a Turqu\u00eda, correspondiente a&#8230;<\/p>\n","protected":false},"author":2,"featured_media":2007,"comment_status":"open","ping_status":"closed","sticky":false,"template":"","format":"standard","meta":{"_links_to":"","_links_to_target":""},"categories":[75],"tags":[],"acf":[],"_links":{"self":[{"href":"https:\/\/www.gisaski.eus\/es\/wp-json\/wp\/v2\/posts\/2006"}],"collection":[{"href":"https:\/\/www.gisaski.eus\/es\/wp-json\/wp\/v2\/posts"}],"about":[{"href":"https:\/\/www.gisaski.eus\/es\/wp-json\/wp\/v2\/types\/post"}],"author":[{"embeddable":true,"href":"https:\/\/www.gisaski.eus\/es\/wp-json\/wp\/v2\/users\/2"}],"replies":[{"embeddable":true,"href":"https:\/\/www.gisaski.eus\/es\/wp-json\/wp\/v2\/comments?post=2006"}],"version-history":[{"count":0,"href":"https:\/\/www.gisaski.eus\/es\/wp-json\/wp\/v2\/posts\/2006\/revisions"}],"wp:featuredmedia":[{"embeddable":true,"href":"https:\/\/www.gisaski.eus\/es\/wp-json\/wp\/v2\/media\/2007"}],"wp:attachment":[{"href":"https:\/\/www.gisaski.eus\/es\/wp-json\/wp\/v2\/media?parent=2006"}],"wp:term":[{"taxonomy":"category","embeddable":true,"href":"https:\/\/www.gisaski.eus\/es\/wp-json\/wp\/v2\/categories?post=2006"},{"taxonomy":"post_tag","embeddable":true,"href":"https:\/\/www.gisaski.eus\/es\/wp-json\/wp\/v2\/tags?post=2006"}],"curies":[{"name":"wp","href":"https:\/\/api.w.org\/{rel}","templated":true}]}}