{"id":1867,"date":"2019-01-28T17:46:49","date_gmt":"2019-01-28T16:46:49","guid":{"rendered":"http:\/\/www.gisaski.eus\/?p=1867\/"},"modified":"2019-02-04T13:12:51","modified_gmt":"2019-02-04T12:12:51","slug":"convocatorias-de-las-preselecciones-de-euskadi-de-minibasket-2","status":"publish","type":"post","link":"https:\/\/www.gisaski.eus\/es\/convocatorias-de-las-preselecciones-de-euskadi-de-minibasket-2\/","title":{"rendered":"Convocatorias de las preselecciones de Euskadi de minibasket"},"content":{"rendered":"<p>Las preselecciones de Euskadi de minibasket se entrenar\u00e1n el domingo 3 de febrero en la Universidad Laboral de Eibar, con los campeonatos de Espa\u00f1a de minibasket en el horizonte. \u00c9stas son las convocatorias.<\/p>\n<p><a href=\"http:\/\/www.gisaski.eus\/site\/contenido\/media\/convocatoria-minibasket-masculina-03-02-19.pdf\">Mini Masculina<\/a> <br \/>\n <a href=\"http:\/\/www.gisaski.eus\/site\/contenido\/media\/convocatoria-minibasket-femenina-03-02-19.pdf\">Mini Femenina<\/a><\/p>\n<p>&nbsp;<\/p>\n","protected":false},"excerpt":{"rendered":"<p>Las preselecciones de Euskadi de minibasket se entrenar\u00e1n el domingo 3 de febrero en la Universidad Laboral de Eibar, con los campeonatos de Espa\u00f1a&#8230;<\/p>\n","protected":false},"author":2,"featured_media":1500,"comment_status":"open","ping_status":"closed","sticky":false,"template":"","format":"standard","meta":{"_links_to":"","_links_to_target":""},"categories":[7],"tags":[],"acf":[],"_links":{"self":[{"href":"https:\/\/www.gisaski.eus\/es\/wp-json\/wp\/v2\/posts\/1867"}],"collection":[{"href":"https:\/\/www.gisaski.eus\/es\/wp-json\/wp\/v2\/posts"}],"about":[{"href":"https:\/\/www.gisaski.eus\/es\/wp-json\/wp\/v2\/types\/post"}],"author":[{"embeddable":true,"href":"https:\/\/www.gisaski.eus\/es\/wp-json\/wp\/v2\/users\/2"}],"replies":[{"embeddable":true,"href":"https:\/\/www.gisaski.eus\/es\/wp-json\/wp\/v2\/comments?post=1867"}],"version-history":[{"count":0,"href":"https:\/\/www.gisaski.eus\/es\/wp-json\/wp\/v2\/posts\/1867\/revisions"}],"wp:featuredmedia":[{"embeddable":true,"href":"https:\/\/www.gisaski.eus\/es\/wp-json\/wp\/v2\/media\/1500"}],"wp:attachment":[{"href":"https:\/\/www.gisaski.eus\/es\/wp-json\/wp\/v2\/media?parent=1867"}],"wp:term":[{"taxonomy":"category","embeddable":true,"href":"https:\/\/www.gisaski.eus\/es\/wp-json\/wp\/v2\/categories?post=1867"},{"taxonomy":"post_tag","embeddable":true,"href":"https:\/\/www.gisaski.eus\/es\/wp-json\/wp\/v2\/tags?post=1867"}],"curies":[{"name":"wp","href":"https:\/\/api.w.org\/{rel}","templated":true}]}}