{"id":1792,"date":"2019-01-02T11:04:18","date_gmt":"2019-01-02T10:04:18","guid":{"rendered":"http:\/\/www.gisaski.eus\/?p=1792\/"},"modified":"2019-01-14T12:54:25","modified_gmt":"2019-01-14T11:54:25","slug":"los-campeonatos-de-espana-cadetes-e-infantiles-arrancan-manana-con-diecinueve-guipuzcoanos-as","status":"publish","type":"post","link":"https:\/\/www.gisaski.eus\/es\/los-campeonatos-de-espana-cadetes-e-infantiles-arrancan-manana-con-diecinueve-guipuzcoanos-as\/","title":{"rendered":"Los Campeonatos de Espa\u00f1a cadetes e infantiles arrancan ma\u00f1ana con diecinueve guipuzcoanos\/as"},"content":{"rendered":"<p class=\"p1\"><span class=\"s1\">Los Campeonatos de Espa\u00f1a de selecciones cadetes e infantiles comienzan ma\u00f1ana jueves en Huelva. Dieciocho jugadores y jugadoras guipuzcoanos, de seis clubes diferentes, forman parte de las cuatro selecciones de Euskadi, adem\u00e1s del seleccionador del combinado cadete femenino, Joseba Lizarralde (Iraurgi).<\/span><\/p>\n<p class=\"p1\"><span class=\"s1\">Los equipos han sido encuadrados en dos grupos de cinco, de los que se clasifican para semifinales las dos mejores selecciones. Castilla y Le\u00f3n, Navarra, Andaluc\u00eda y Arag\u00f3n ser\u00e1n los rivales de Euskadi en categor\u00eda cadete femenina; Canarias, Galicia, Catalunya y Andaluc\u00eda, en cadete masculina; Canarias, Madrid, Castilla y le\u00f3n y Catalunya se enfrentar\u00e1n a Euskadi en categor\u00eda infantil femenina, mientras que la selecci\u00f3n infantil masculina se las ver\u00e1 con Madrid, Comunidad Valenciana, Andaluc\u00eda y Galicia.<\/span><\/p>\n<p class=\"p1\"><span class=\"s1\">Estos ser\u00e1n nuestros y nuestras representantes, y el calendario de cada una de las selecciones de Euskadi en este primera fase.<\/span><\/p>\n<p class=\"p1\"><span class=\"s1\">CADETE FEMENINO<\/span><\/p>\n<ul class=\"ul1\">\n<li class=\"li1\"><span class=\"s1\">Jueves (9.30): Euskadi \u2013 Castilla y Le\u00f3n<\/span><\/li>\n<li class=\"li1\"><span class=\"s1\">Jueves (17.30): Euskadi \u2013 Navarra<\/span><\/li>\n<li class=\"li1\"><span class=\"s1\">Viernes (13.00): Euskadi \u2013 Andaluc\u00eda<\/span><\/li>\n<li class=\"li1\"><span class=\"s1\">S\u00e1bado (17.30): Euskadi \u2013 Arag\u00f3n<\/span><\/li>\n<\/ul>\n<p class=\"p1\"><span class=\"s1\">Entr. Joseba Lizarralde (Iraurgi)<br \/>\n <\/span><span class=\"s1\">Uxue Etxarte (Easo)<br \/>\n <\/span><span class=\"s1\">Judith Navarro (Easo)<br \/>\n <\/span><span class=\"s1\">Paula Sanjuan (Iraurgi)<br \/>\n <\/span><span class=\"s1\">Maria Otaegi (Iraurgi)<br \/>\n <\/span><span class=\"s1\">Nora Mecoleta (Hondarribia)<\/span><\/p>\n<p class=\"p1\"><span class=\"s1\">CADETE MASCULINO<\/span><\/p>\n<ul class=\"ul1\">\n<li class=\"li1\"><span class=\"s1\">Jueves (19.30): Euskadi \u2013 Canarias<\/span><\/li>\n<li class=\"li1\"><span class=\"s1\">Viernes (11.30): Euskadi \u2013 Galicia<\/span><\/li>\n<li class=\"li1\"><span class=\"s1\">Viernes (19.30): Euskadi \u2013 Catalunya<\/span><\/li>\n<li class=\"li1\"><span class=\"s1\">S\u00e1bado (13.30): Euskadi \u2013 Andaluc\u00eda<\/span><\/li>\n<\/ul>\n<p class=\"p1\"><span class=\"s1\">Julen Lorenzo (Ointxe)<br \/>\n <\/span><span class=\"s1\">Aitzol Lagunilla (Ointxe)<br \/>\n <\/span><span class=\"s1\">Be\u00f1at Etxeberria (TAKE)<\/span><\/p>\n<p><img loading=\"lazy\" class=\"alignnone size-full wp-image-1789\" src=\"http:\/\/www.gisaski.eus\/site\/contenido\/media\/img-6794.jpg\" alt=\"\" width=\"1519\" height=\"966\" srcset=\"https:\/\/www.gisaski.eus\/site\/contenido\/media\/img-6794.jpg 1519w, https:\/\/www.gisaski.eus\/site\/contenido\/media\/img-6794-768x488.jpg 768w\" sizes=\"(max-width: 1519px) 100vw, 1519px\" \/><\/p>\n<p class=\"p1\"><span class=\"s1\">INFANTIL FEMENINO<\/span><\/p>\n<ul class=\"ul1\">\n<li class=\"li1\"><span class=\"s1\">Jueves (11.30): Euskadi \u2013 Canarias<\/span><\/li>\n<li class=\"li1\"><span class=\"s1\">Jueves (19.30): Euskadi \u2013 Madrid<\/span><\/li>\n<li class=\"li1\"><span class=\"s1\">Viernes (19.30): Euskadi \u2013 Castilla y Le\u00f3n<\/span><\/li>\n<li class=\"li1\"><span class=\"s1\">S\u00e1bado (13.30): Euskadi \u2013 Catalunya<\/span><\/li>\n<\/ul>\n<p class=\"p1\"><span class=\"s1\">Irene Yurrita (Easo)<br \/>\n <\/span><span class=\"s1\">Eider Mugica (Easo)<br \/>\n <\/span><span class=\"s1\">Doltza Oiartzabal (Iraurgi)<br \/>\n <\/span><span class=\"s1\">June Guenetxea (Aresko)<br \/>\n <\/span><span class=\"s1\">Garazi Agirre (Ointxe)<\/span><\/p>\n<p><img loading=\"lazy\" class=\"alignnone size-full wp-image-1790\" src=\"http:\/\/www.gisaski.eus\/site\/contenido\/media\/img_6793.jpg\" alt=\"\" width=\"1530\" height=\"1116\" srcset=\"https:\/\/www.gisaski.eus\/site\/contenido\/media\/img_6793.jpg 1530w, https:\/\/www.gisaski.eus\/site\/contenido\/media\/img_6793-768x560.jpg 768w\" sizes=\"(max-width: 1530px) 100vw, 1530px\" \/><\/p>\n<p class=\"p1\"><span class=\"s1\">INFANTIL MASCULINO<\/span><\/p>\n<ul class=\"ul1\">\n<li class=\"li1\"><span class=\"s1\">Jueves (9.30): Euskadi \u2013 Madrid<\/span><\/li>\n<li class=\"li1\"><span class=\"s1\">Jueves (17.30): Euskadi \u2013 Comunidad Valenciana<\/span><\/li>\n<li class=\"li1\"><span class=\"s1\">Viernes (13.30): Euskadi \u2013 Andaluc\u00eda<\/span><\/li>\n<li class=\"li1\"><span class=\"s1\">S\u00e1bado (9.30): Euskadi \u2013 Galicia<\/span><\/li>\n<\/ul>\n<p class=\"p1\"><span class=\"s1\">Jon Larrea (Easo)<br \/>\n <\/span><span class=\"s1\">Julen Benages (Easo)<br \/>\n <\/span><span class=\"s1\">Sergey Zaragoza (Easo)<br \/>\n <\/span><span class=\"s1\">Markel Errasti (Ointxe)<br \/>\n <\/span><span class=\"s1\">Lander Agirre (Ointxe)<\/span><\/p>\n<p><img loading=\"lazy\" class=\"alignnone size-full wp-image-1791\" src=\"http:\/\/www.gisaski.eus\/site\/contenido\/media\/img_6796.jpg\" alt=\"\" width=\"1007\" height=\"632\" srcset=\"https:\/\/www.gisaski.eus\/site\/contenido\/media\/img_6796.jpg 1007w, https:\/\/www.gisaski.eus\/site\/contenido\/media\/img_6796-768x482.jpg 768w\" sizes=\"(max-width: 1007px) 100vw, 1007px\" \/><\/p>\n","protected":false},"excerpt":{"rendered":"<p>Los Campeonatos de Espa\u00f1a de selecciones cadetes e infantiles comienzan ma\u00f1ana jueves en Huelva. Dieciocho jugadores y jugadoras guipuzcoanos, de seis clubes diferentes, forman&#8230;<\/p>\n","protected":false},"author":2,"featured_media":1662,"comment_status":"open","ping_status":"closed","sticky":false,"template":"","format":"standard","meta":{"_links_to":"","_links_to_target":""},"categories":[7],"tags":[],"acf":[],"_links":{"self":[{"href":"https:\/\/www.gisaski.eus\/es\/wp-json\/wp\/v2\/posts\/1792"}],"collection":[{"href":"https:\/\/www.gisaski.eus\/es\/wp-json\/wp\/v2\/posts"}],"about":[{"href":"https:\/\/www.gisaski.eus\/es\/wp-json\/wp\/v2\/types\/post"}],"author":[{"embeddable":true,"href":"https:\/\/www.gisaski.eus\/es\/wp-json\/wp\/v2\/users\/2"}],"replies":[{"embeddable":true,"href":"https:\/\/www.gisaski.eus\/es\/wp-json\/wp\/v2\/comments?post=1792"}],"version-history":[{"count":0,"href":"https:\/\/www.gisaski.eus\/es\/wp-json\/wp\/v2\/posts\/1792\/revisions"}],"wp:featuredmedia":[{"embeddable":true,"href":"https:\/\/www.gisaski.eus\/es\/wp-json\/wp\/v2\/media\/1662"}],"wp:attachment":[{"href":"https:\/\/www.gisaski.eus\/es\/wp-json\/wp\/v2\/media?parent=1792"}],"wp:term":[{"taxonomy":"category","embeddable":true,"href":"https:\/\/www.gisaski.eus\/es\/wp-json\/wp\/v2\/categories?post=1792"},{"taxonomy":"post_tag","embeddable":true,"href":"https:\/\/www.gisaski.eus\/es\/wp-json\/wp\/v2\/tags?post=1792"}],"curies":[{"name":"wp","href":"https:\/\/api.w.org\/{rel}","templated":true}]}}