{"id":1201,"date":"2018-08-13T17:04:35","date_gmt":"2018-08-13T15:04:35","guid":{"rendered":"http:\/\/www.gisaski.eus\/?p=1201\/"},"modified":"2018-08-13T17:04:35","modified_gmt":"2018-08-13T15:04:35","slug":"azpeitia-beraza-y-sanz-se-estrenaran-en-la-leb-plata-con-el-juaristi-isb","status":"publish","type":"post","link":"https:\/\/www.gisaski.eus\/es\/azpeitia-beraza-y-sanz-se-estrenaran-en-la-leb-plata-con-el-juaristi-isb\/","title":{"rendered":"Azpeitia, Beraza y Sanz se estrenar\u00e1n en la LEB Plata con el Juaristi ISB"},"content":{"rendered":"<p lang=\"es-ES\">Asier Azpeitia (Donostia, 1998), Xabi Beraza (Errenteria, 1999) y Mikel Sanz (Donostia, 1999) siguen dando pasos adelante en su carrera deportiva. Los tres jugadores guipuzcoanos se estrenar\u00e1n en la LEB Plata con el Juaristi ISB la pr\u00f3xima temporada. Adem\u00e1s, seguir\u00e1n ligados al Delteco GBC, con el que realizar\u00e1n la pretemporada y participar\u00e1n en el trabajo semanal durante la temporada.<\/p>\n<p lang=\"es-ES\">Desde la Federaci\u00f3n Guipuzcoana les felicitamos por esta excelente noticia y les deseamos la mejor de las suertes en este nuevo reto.<\/p>\n<p lang=\"es-ES\"><img loading=\"lazy\" class=\"alignnone size-full wp-image-1200\" src=\"http:\/\/www.gisaski.eus\/site\/contenido\/media\/iraurgi-1.jpg\" alt=\"\" width=\"899\" height=\"561\" srcset=\"https:\/\/www.gisaski.eus\/site\/contenido\/media\/iraurgi-1.jpg 899w, https:\/\/www.gisaski.eus\/site\/contenido\/media\/iraurgi-1-768x479.jpg 768w\" sizes=\"(max-width: 899px) 100vw, 899px\" \/><\/p>\n","protected":false},"excerpt":{"rendered":"<p>Asier Azpeitia (Donostia, 1998), Xabi Beraza (Errenteria, 1999) y Mikel Sanz (Donostia, 1999) siguen dando pasos adelante en su carrera deportiva. Los tres jugadores&#8230;<\/p>\n","protected":false},"author":2,"featured_media":1199,"comment_status":"open","ping_status":"closed","sticky":false,"template":"","format":"standard","meta":{"_links_to":"","_links_to_target":""},"categories":[75],"tags":[],"acf":[],"_links":{"self":[{"href":"https:\/\/www.gisaski.eus\/es\/wp-json\/wp\/v2\/posts\/1201"}],"collection":[{"href":"https:\/\/www.gisaski.eus\/es\/wp-json\/wp\/v2\/posts"}],"about":[{"href":"https:\/\/www.gisaski.eus\/es\/wp-json\/wp\/v2\/types\/post"}],"author":[{"embeddable":true,"href":"https:\/\/www.gisaski.eus\/es\/wp-json\/wp\/v2\/users\/2"}],"replies":[{"embeddable":true,"href":"https:\/\/www.gisaski.eus\/es\/wp-json\/wp\/v2\/comments?post=1201"}],"version-history":[{"count":0,"href":"https:\/\/www.gisaski.eus\/es\/wp-json\/wp\/v2\/posts\/1201\/revisions"}],"wp:featuredmedia":[{"embeddable":true,"href":"https:\/\/www.gisaski.eus\/es\/wp-json\/wp\/v2\/media\/1199"}],"wp:attachment":[{"href":"https:\/\/www.gisaski.eus\/es\/wp-json\/wp\/v2\/media?parent=1201"}],"wp:term":[{"taxonomy":"category","embeddable":true,"href":"https:\/\/www.gisaski.eus\/es\/wp-json\/wp\/v2\/categories?post=1201"},{"taxonomy":"post_tag","embeddable":true,"href":"https:\/\/www.gisaski.eus\/es\/wp-json\/wp\/v2\/tags?post=1201"}],"curies":[{"name":"wp","href":"https:\/\/api.w.org\/{rel}","templated":true}]}}